{"id":802,"date":"2019-09-04T12:56:22","date_gmt":"2019-09-04T15:56:22","guid":{"rendered":"https:\/\/www.interlagos.com.br\/blog\/?p=802"},"modified":"2025-06-18T08:30:27","modified_gmt":"2025-06-18T11:30:27","slug":"programacao-de-setembro-no-shopping-interlagos-tem-musica-de-qualidade-para-todos-os-gostos","status":"publish","type":"post","link":"https:\/\/www.interlagos.com.br\/blog\/2019\/09\/programacao-de-setembro-no-shopping-interlagos-tem-musica-de-qualidade-para-todos-os-gostos\/","title":{"rendered":"Programa\u00e7\u00e3o de setembro no Shopping Interlagos tem  m\u00fasica de qualidade para todos os gostos"},"content":{"rendered":"\n<p><\/p>\n\n\n\n<p>Existe alguma coisa mais relaxante do que almo\u00e7ar ao som de uma boa m\u00fasica? Ou aproveitar aquele som gostoso de fim de tarde, depois do trabalho, com os amigos ou a fam\u00edlia?&nbsp; N\u00f3s, do Shopping Interlagos, sabemos que isso tem um valor especial para todo mundo. Por isso, desenvolvemos todos os meses uma programa\u00e7\u00e3o variada e de qualidade para marcar esses momentos. <\/p>\n\n\n\n<p>Em setembro, o repert\u00f3rio passa por sucessos atuais e grandes cl\u00e1ssicos de ritmos como MPB, R&amp;B, Rock, Soul, Bossa Nova, Jazz e Blues nacionais e internacionais. Sem falar nos shows tem\u00e1ticos que v\u00e3o levar voc\u00ea a viajar por filmes e novelas que marcaram \u00e9poca. <\/p>\n\n\n\n<p>De segunda a sexta-feira as apresenta\u00e7\u00f5es dos artistas especialmente selecionados para o evento acontecem em dois hor\u00e1rios, sempre na Pra\u00e7a de Alimenta\u00e7\u00e3o. Na hora do almo\u00e7o, \u00e9 a vez do projeto <strong>Piano ao Ponto<\/strong> que apresenta pockets shows das 12h30 \u00e0s 15h. J\u00e1 o <strong>Happy Hour <\/strong>no shopping acontece as 19h \u00e0s 21h30. E o que \u00e9 melhor: &nbsp;\u00e9 tudo gratuito. Portanto, anote na sua agenda e deixe a m\u00fasica alimentar a sua alma!<\/p>\n\n\n\n<p><\/p>\n\n\n\n<h3 class=\"wp-block-heading\">Piano ao Ponto \u2013 das 12h30 \u00e0s 15h<\/h3>\n\n\n\n<table class=\"wp-block-table\"><tbody><tr><td>\n  <strong>Datas<\/strong>\n  <\/td><td>\n  <strong>Artistas<\/strong>\n  <\/td><td>\n  <strong>Estilos<\/strong>\n  <\/td><\/tr><tr><td>\n  2\/9\n  <\/td><td>\n  Marisa Gorgel\n  <\/td><td>\n  MPB e Bossa\n  <\/td><\/tr><tr><td>\n  3\/9\n  <\/td><td>\n  Jazz Antony\n  <\/td><td>\n  POP\/Rock\n  <\/td><\/tr><tr><td>\n  4\/9\n  <\/td><td>\n  Gabriel Delfino\n  <\/td><td>\n  Blues, R&amp;B e\n  Soul \n  <\/td><\/tr><tr><td>\n  5\/9\n  <\/td><td>\n  Luiz Alfredo e Marcos Gomes\n  <\/td><td>\n  M\u00fasicas Tem\u00e1ticas\n  <\/td><\/tr><tr><td>\n  6\/9\n  <\/td><td>\n  Luiz Alfredo e Marcos Gomes\n  <\/td><td>\n  M\u00fasicas Tem\u00e1ticas\n  <\/td><\/tr><tr><td>\n  9\/9\n  <\/td><td>\n  Marisa Gorgel\n  <\/td><td>\n  MPB e Bossa\n  <\/td><\/tr><tr><td>\n  10\/9\n  <\/td><td>\n  Gabriel Delfino\n  <\/td><td>\n  Blues, R&amp;B e\n  Soul\n  <\/td><\/tr><tr><td>\n  11\/9\n  <\/td><td>\n  Alexandre Britto\n  <\/td><td>\n  MPB\/Pop Nacional e\n  Internacional\n  <\/td><\/tr><tr><td>\n  12\/9\n  <\/td><td>\n  Jazz Antony\n  <\/td><td>\n  POP e Rock\n  <\/td><\/tr><tr><td>\n  13\/9\n  <\/td><td>\n  Luiz Alfredo e Marcos Gomes\n  <\/td><td>\n  M\u00fasicas Tem\u00e1ticas\n  <\/td><\/tr><tr><td>\n  16\/9\n  <\/td><td>\n  Marisa Gorgel\n  <\/td><td>\n  MPB e Bossa\n  <\/td><\/tr><tr><td>\n  17\/9\n  <\/td><td>\n  Jazz Antony\n  <\/td><td>\n  Pop e Rock\n  <\/td><\/tr><tr><td>\n  18\/9\n  <\/td><td>\n  Luiz Alfredo e Marcos Gomes\n  <\/td><td>\n  M\u00fasicas Tem\u00e1ticas\n  <\/td><\/tr><tr><td>\n  19\/9\n  <\/td><td>\n  Gabriel Delfino\n  <\/td><td>\n  Blues, R&amp;B e\n  Soul\n  <\/td><\/tr><tr><td>\n  20\/9\n  <\/td><td>\n  Luiz Alfredo e Marcos Gomes\n  <\/td><td>\n  M\u00fasicas Tem\u00e1ticas\n  <\/td><\/tr><tr><td>\n  23\/9\n  <\/td><td>\n  Livio Macedo\n  <\/td><td>\n  MPB\n  <\/td><\/tr><tr><td>\n  24\/9\n  <\/td><td>\n  Luiz Alfredo e Marcos Gomes\n  <\/td><td>\n  M\u00fasicas Tem\u00e1ticas\n  <\/td><\/tr><tr><td>\n  25\/9\n  <\/td><td>\n  Marisa Gorgel\n  <\/td><td>\n  MPB e Bossa \n  <\/td><\/tr><tr><td>\n  26\/9\n  <\/td><td>\n  Luiz Alfredo \n  <\/td><td>\n  M\u00fasicas Tem\u00e1ticas\n  <\/td><\/tr><tr><td>\n  27\/9\n  <\/td><td>\n  Luiz Alfredo e Marcos Gomes\n  <\/td><td>\n  M\u00fasicas Tem\u00e1ticas\n  <\/td><\/tr><tr><td>\n  30\/9\n  <\/td><td>\n  Livio Macedo\n  <\/td><td>\n  MPB\n  <\/td><\/tr><\/tbody><\/table>\n\n\n\n<p><\/p>\n\n\n\n<h3 class=\"wp-block-heading\">Happy Hour \u2013 das 19h \u00e0s 21h30<\/h3>\n\n\n\n<table class=\"wp-block-table\"><tbody><tr><td>\n  <strong>Datas<\/strong>\n  <\/td><td>\n  <strong>Artistas<\/strong>\n  <\/td><td>\n  <strong>Estilos<\/strong>\n  <\/td><\/tr><tr><td>\n  2\/9\n  <\/td><td>\n  Rominho Cruz\n  <\/td><td>\n  Samba e MPB\n  <\/td><\/tr><tr><td>\n  &nbsp;\n  3\/9\n  <\/td><td>\n  Keity Acoustic\n  <\/td><td>\n  Cl\u00e1ssicos da M\u00fasica Nacional e Internacional\n  <\/td><\/tr><tr><td>\n  &nbsp;\n  4\/9\n  <\/td><td>\n  Jack Muller\n  <\/td><td>\n  Cl\u00e1ssicos da M\u00fasica Internacional\n  <\/td><\/tr><tr><td>\n  &nbsp;\n  5\/9\n  <\/td><td>\n  Keity Acoustic\n  <\/td><td>\n  Cl\u00e1ssicos da M\u00fasica Nacional e Internacional\n  <\/td><\/tr><tr><td>\n  &nbsp;\n  6\/9\n  <\/td><td>\n  &nbsp;Flavio Coimbra\n  <\/td><td>\n  Cl\u00e1ssicos da M\u00fasica Nacional e Internacional\n  <\/td><\/tr><tr><td>\n  9\/9\n  <\/td><td>\n  Jazz Antony\n  <\/td><td>\n  POP e Rock\n  <\/td><\/tr><tr><td>\n  &nbsp;\n  10\/9\n  <\/td><td>\n  Keity Acoustic\n  <\/td><td>\n  Cl\u00e1ssicos da M\u00fasica Nacional e Internacional\n  <\/td><\/tr><tr><td>\n  &nbsp;\n  11\/9\n  <\/td><td>\n  Jack Muller\n  <\/td><td>\n  Cl\u00e1ssicos da M\u00fasica Internacional\n  <\/td><\/tr><tr><td>\n  12\/9\n  <\/td><td>\n  Livio Macedo\n  <\/td><td>\n  MPB\n  <\/td><\/tr><tr><td>\n  13\/9\n  <\/td><td>\n  Projeto V\u2019s\n  <\/td><td>\n  MPB e POP Nacional\n  \n  <\/td><\/tr><tr><td>\n  16\/9\n  <\/td><td>\n  Livio Macedo\n  <\/td><td>\n  MPB\n  <\/td><\/tr><tr><td>\n  &nbsp;\n  17\/9\n  <\/td><td>\n  Keity Acoustic\n  <\/td><td>\n  Cl\u00e1ssicos da M\u00fasica Nacional e Internacional\n  <\/td><\/tr><tr><td>\n  &nbsp;\n  18\/9\n  <\/td><td>\n  Jack mueller\n  <\/td><td>\n  Cl\u00e1ssicos da M\u00fasica Internacional\n  <\/td><\/tr><tr><td>\n  19\/9\n  <\/td><td>\n  Mademoiselle\n  <\/td><td>\n  POP e Rock\n  <\/td><\/tr><tr><td>\n  20\/9\n  <\/td><td>\n  Livio Macedo\n  <\/td><td>\n  MPB\n  <\/td><\/tr><tr><td>\n  23\/9\n  <\/td><td>\n  Jazz Antony\n  <\/td><td>\n  POP e Rock\n  <\/td><\/tr><tr><td>\n  &nbsp;\n  24\/9\n  <\/td><td>\n  Keity Acoustic\n  <\/td><td>\n  Cl\u00e1ssicos da M\u00fasica Nacional e Internacional\n  <\/td><\/tr><tr><td>\n  25\/9\n  <\/td><td>\n  Gabriel Delfino\n  <\/td><td>\n  Blues, R&amp;B e\n  Soul\n  <\/td><\/tr><tr><td>\n  &nbsp;\n  26\/9\n  <\/td><td>\n  Keity Acoustic\n  <\/td><td>\n  Cl\u00e1ssicos da M\u00fasica Nacional e Internacional\n  <\/td><\/tr><tr><td>\n  27\/9\n  <\/td><td>\n  Nanda Queiroz\n  <\/td><td>\n  MPB\n  <\/td><\/tr><tr><td>\n  30\/9\n  <\/td><td>\n  Gabriel Delfino\n  <\/td><td>\n  Blues, R&amp;B e\n  Soul\n  <\/td><\/tr><\/tbody><\/table>\n","protected":false},"excerpt":{"rendered":"<p>Existe alguma coisa mais relaxante do que almo\u00e7ar ao som de uma boa m\u00fasica? Ou aproveitar aquele som gostoso de fim de tarde, depois do trabalho, com os amigos ou a fam\u00edlia?&nbsp; N\u00f3s, do Shopping Interlagos, sabemos que isso tem um valor especial para todo mundo. Por isso, desenvolvemos todos os meses uma programa\u00e7\u00e3o variada e de qualidade para marcar esses momentos. Em setembro, o repert\u00f3rio passa por sucessos atuais e grandes cl\u00e1ssicos de ritmos como MPB, R&amp;B, Rock, Soul, Bossa Nova, Jazz e Blues nacionais e internacionais. Sem falar nos shows tem\u00e1ticos que v\u00e3o levar voc\u00ea a viajar por filmes e novelas que marcaram \u00e9poca. De segunda a sexta-feira as apresenta\u00e7\u00f5es dos artistas especialmente selecionados para o evento acontecem em dois hor\u00e1rios, sempre na Pra\u00e7a de Alimenta\u00e7\u00e3o. Na hora do almo\u00e7o, \u00e9 a vez do projeto Piano ao Ponto que apresenta pockets shows das 12h30 \u00e0s 15h. J\u00e1 o Happy Hour no shopping acontece as 19h \u00e0s 21h30. E o que \u00e9 melhor: &nbsp;\u00e9 tudo gratuito. Portanto, anote na sua agenda e deixe a m\u00fasica alimentar a sua alma! Piano ao Ponto \u2013 das 12h30 \u00e0s 15h Datas Artistas Estilos 2\/9 Marisa Gorgel MPB e Bossa 3\/9 Jazz Antony POP\/Rock 4\/9 Gabriel Delfino Blues, R&amp;B e Soul 5\/9 Luiz Alfredo e Marcos Gomes M\u00fasicas Tem\u00e1ticas 6\/9 Luiz Alfredo e Marcos Gomes M\u00fasicas Tem\u00e1ticas 9\/9 Marisa Gorgel MPB e Bossa 10\/9 Gabriel Delfino Blues, R&amp;B e Soul 11\/9 Alexandre Britto MPB\/Pop Nacional e Internacional 12\/9 Jazz Antony POP e Rock 13\/9 Luiz Alfredo e Marcos Gomes M\u00fasicas Tem\u00e1ticas 16\/9 Marisa Gorgel MPB e Bossa 17\/9 Jazz Antony Pop e Rock 18\/9 Luiz Alfredo e Marcos Gomes M\u00fasicas Tem\u00e1ticas 19\/9 Gabriel Delfino Blues, R&amp;B e Soul 20\/9 Luiz Alfredo e Marcos Gomes M\u00fasicas Tem\u00e1ticas 23\/9 Livio Macedo MPB 24\/9 Luiz Alfredo e Marcos Gomes M\u00fasicas Tem\u00e1ticas 25\/9 Marisa Gorgel MPB e Bossa 26\/9 Luiz Alfredo M\u00fasicas Tem\u00e1ticas 27\/9 Luiz Alfredo e Marcos Gomes M\u00fasicas Tem\u00e1ticas 30\/9 Livio Macedo MPB Happy Hour \u2013 das 19h \u00e0s 21h30 Datas Artistas Estilos 2\/9 Rominho Cruz Samba e MPB &nbsp; 3\/9 Keity Acoustic Cl\u00e1ssicos da M\u00fasica Nacional e Internacional &nbsp; 4\/9 Jack Muller Cl\u00e1ssicos da M\u00fasica Internacional &nbsp; 5\/9 Keity Acoustic Cl\u00e1ssicos da M\u00fasica Nacional e Internacional &nbsp; 6\/9 &nbsp;Flavio Coimbra Cl\u00e1ssicos da M\u00fasica Nacional e Internacional 9\/9 Jazz Antony POP e Rock &nbsp; 10\/9 Keity Acoustic Cl\u00e1ssicos da M\u00fasica Nacional e Internacional &nbsp; 11\/9 Jack Muller Cl\u00e1ssicos da M\u00fasica Internacional 12\/9 Livio Macedo MPB 13\/9 Projeto V\u2019s MPB e POP Nacional 16\/9 Livio Macedo MPB &nbsp; 17\/9 Keity Acoustic Cl\u00e1ssicos da M\u00fasica Nacional e Internacional &nbsp; 18\/9 Jack mueller Cl\u00e1ssicos da M\u00fasica Internacional 19\/9 Mademoiselle POP e Rock 20\/9 Livio Macedo MPB 23\/9 Jazz Antony POP e Rock &nbsp; 24\/9 Keity Acoustic Cl\u00e1ssicos da M\u00fasica Nacional e Internacional 25\/9 Gabriel Delfino Blues, R&amp;B e Soul &nbsp; 26\/9 Keity Acoustic Cl\u00e1ssicos da M\u00fasica Nacional e Internacional 27\/9 Nanda Queiroz MPB 30\/9 Gabriel Delfino Blues, R&amp;B e Soul<\/p>\n","protected":false},"author":2,"featured_media":1002,"comment_status":"closed","ping_status":"closed","sticky":false,"template":"","format":"standard","meta":{"_monsterinsights_skip_tracking":false,"_monsterinsights_sitenote_active":false,"_monsterinsights_sitenote_note":"","_monsterinsights_sitenote_category":0,"footnotes":""},"categories":[45],"tags":[55,56,54],"class_list":["post-802","post","type-post","status-publish","format-standard","has-post-thumbnail","hentry","category-fique-por-dentro","tag-happy-hour","tag-musica","tag-programacao-musical"],"_links":{"self":[{"href":"https:\/\/www.interlagos.com.br\/blog\/wp-json\/wp\/v2\/posts\/802","targetHints":{"allow":["GET"]}}],"collection":[{"href":"https:\/\/www.interlagos.com.br\/blog\/wp-json\/wp\/v2\/posts"}],"about":[{"href":"https:\/\/www.interlagos.com.br\/blog\/wp-json\/wp\/v2\/types\/post"}],"author":[{"embeddable":true,"href":"https:\/\/www.interlagos.com.br\/blog\/wp-json\/wp\/v2\/users\/2"}],"replies":[{"embeddable":true,"href":"https:\/\/www.interlagos.com.br\/blog\/wp-json\/wp\/v2\/comments?post=802"}],"version-history":[{"count":8,"href":"https:\/\/www.interlagos.com.br\/blog\/wp-json\/wp\/v2\/posts\/802\/revisions"}],"predecessor-version":[{"id":1003,"href":"https:\/\/www.interlagos.com.br\/blog\/wp-json\/wp\/v2\/posts\/802\/revisions\/1003"}],"wp:featuredmedia":[{"embeddable":true,"href":"https:\/\/www.interlagos.com.br\/blog\/wp-json\/wp\/v2\/media\/1002"}],"wp:attachment":[{"href":"https:\/\/www.interlagos.com.br\/blog\/wp-json\/wp\/v2\/media?parent=802"}],"wp:term":[{"taxonomy":"category","embeddable":true,"href":"https:\/\/www.interlagos.com.br\/blog\/wp-json\/wp\/v2\/categories?post=802"},{"taxonomy":"post_tag","embeddable":true,"href":"https:\/\/www.interlagos.com.br\/blog\/wp-json\/wp\/v2\/tags?post=802"}],"curies":[{"name":"wp","href":"https:\/\/api.w.org\/{rel}","templated":true}]}}