{"id":5058,"date":"2025-12-11T09:00:00","date_gmt":"2025-12-11T12:00:00","guid":{"rendered":"https:\/\/www.interlagos.com.br\/blog\/?p=5058"},"modified":"2025-12-01T08:32:32","modified_gmt":"2025-12-01T11:32:32","slug":"dicas-de-cores-para-voce-arrasar-nos-looks-de-natal-e-reveillon","status":"publish","type":"post","link":"https:\/\/www.interlagos.com.br\/blog\/2025\/12\/dicas-de-cores-para-voce-arrasar-nos-looks-de-natal-e-reveillon\/","title":{"rendered":"Dicas de cores para voc\u00ea arrasar nos looks de Natal e R\u00e9veillon"},"content":{"rendered":"\n<p>As festas de fim de ano est\u00e3o a\u00ed e essa \u00e9 a hora de voc\u00ea brilhar nos seus looks!&nbsp; Mas voc\u00ea sabe quais s\u00e3o as cores que v\u00e3o ditar a tend\u00eancia da moda no Natal e R\u00e9veillon de 2025?<\/p>\n\n\n\n<p>Escolher as cores certas \u00e9 fundamental. E existem op\u00e7\u00f5es que v\u00e3o muito al\u00e9m dos tradicionais verde e vermelho natalino ou branco de r\u00e9veillon. Vamos explorar juntos as tend\u00eancias que prometem dominar os visuais neste fim de ano? Siga as nossas dicas e voc\u00ea vai estar radiante, pode acreditar!<\/p>\n\n\n\n<h2 class=\"wp-block-heading\"><strong><u>Cores para looks de Natal<\/u><\/strong><\/h2>\n\n\n\n<figure class=\"wp-block-image size-large\"><img loading=\"lazy\" decoding=\"async\" width=\"1024\" height=\"559\" src=\"https:\/\/www.interlagos.com.br\/blog\/wp-content\/uploads\/2025\/12\/vestido-vermelho-festas-de-fim-de-ano-1024x559.jpeg\" alt=\"\" class=\"wp-image-5066\" srcset=\"https:\/\/www.interlagos.com.br\/blog\/wp-content\/uploads\/2025\/12\/vestido-vermelho-festas-de-fim-de-ano-1024x559.jpeg 1024w, https:\/\/www.interlagos.com.br\/blog\/wp-content\/uploads\/2025\/12\/vestido-vermelho-festas-de-fim-de-ano-300x164.jpeg 300w, https:\/\/www.interlagos.com.br\/blog\/wp-content\/uploads\/2025\/12\/vestido-vermelho-festas-de-fim-de-ano-768x419.jpeg 768w, https:\/\/www.interlagos.com.br\/blog\/wp-content\/uploads\/2025\/12\/vestido-vermelho-festas-de-fim-de-ano-1536x838.jpeg 1536w, https:\/\/www.interlagos.com.br\/blog\/wp-content\/uploads\/2025\/12\/vestido-vermelho-festas-de-fim-de-ano-2048x1117.jpeg 2048w, https:\/\/www.interlagos.com.br\/blog\/wp-content\/uploads\/2025\/12\/vestido-vermelho-festas-de-fim-de-ano-1140x622.jpeg 1140w\" sizes=\"auto, (max-width: 1024px) 100vw, 1024px\" \/><figcaption class=\"wp-element-caption\">Foto: Banco de imagens Adobe Stock<\/figcaption><\/figure>\n\n\n\n<p><strong>Vermelho<\/strong>: Cl\u00e1ssico e atemporal, o vermelho \u00e9 a cor s\u00edmbolo do Natal. Al\u00e9m de trazer um ar festivo, combina perfeitamente com o esp\u00edrito natalino. Aposte em vestidos, blusas ou acess\u00f3rios vermelhos para um look vibrante.<\/p>\n\n\n\n<figure class=\"wp-block-image size-large\"><img loading=\"lazy\" decoding=\"async\" width=\"1024\" height=\"683\" src=\"https:\/\/www.interlagos.com.br\/blog\/wp-content\/uploads\/2025\/12\/conjunto-verde-festas-de-fim-de-ano-1024x683.jpeg\" alt=\"\" class=\"wp-image-5067\" srcset=\"https:\/\/www.interlagos.com.br\/blog\/wp-content\/uploads\/2025\/12\/conjunto-verde-festas-de-fim-de-ano-1024x683.jpeg 1024w, https:\/\/www.interlagos.com.br\/blog\/wp-content\/uploads\/2025\/12\/conjunto-verde-festas-de-fim-de-ano-300x200.jpeg 300w, https:\/\/www.interlagos.com.br\/blog\/wp-content\/uploads\/2025\/12\/conjunto-verde-festas-de-fim-de-ano-768x512.jpeg 768w, https:\/\/www.interlagos.com.br\/blog\/wp-content\/uploads\/2025\/12\/conjunto-verde-festas-de-fim-de-ano-1536x1024.jpeg 1536w, https:\/\/www.interlagos.com.br\/blog\/wp-content\/uploads\/2025\/12\/conjunto-verde-festas-de-fim-de-ano-2048x1365.jpeg 2048w, https:\/\/www.interlagos.com.br\/blog\/wp-content\/uploads\/2025\/12\/conjunto-verde-festas-de-fim-de-ano-1140x760.jpeg 1140w\" sizes=\"auto, (max-width: 1024px) 100vw, 1024px\" \/><figcaption class=\"wp-element-caption\">Foto: Banco de imagens Adobe Stock<\/figcaption><\/figure>\n\n\n\n<p><strong>Verde-Esmeralda<\/strong>: Representando a esperan\u00e7a e a renova\u00e7\u00e3o, o verde-esmeralda \u00e9 uma excelente escolha para a ceia ou o almo\u00e7o de Natal. Essa cor, elegante e sofisticada, pode ser usada em pe\u00e7as como saias, blusas ou at\u00e9 mesmo em um charmoso macac\u00e3o.<\/p>\n\n\n\n<figure class=\"wp-block-image size-large\"><img loading=\"lazy\" decoding=\"async\" width=\"1024\" height=\"576\" src=\"https:\/\/www.interlagos.com.br\/blog\/wp-content\/uploads\/2025\/12\/vestido-dourado-festas-de-fim-de-ano-1024x576.jpeg\" alt=\"\" class=\"wp-image-5068\" srcset=\"https:\/\/www.interlagos.com.br\/blog\/wp-content\/uploads\/2025\/12\/vestido-dourado-festas-de-fim-de-ano-1024x576.jpeg 1024w, https:\/\/www.interlagos.com.br\/blog\/wp-content\/uploads\/2025\/12\/vestido-dourado-festas-de-fim-de-ano-300x169.jpeg 300w, https:\/\/www.interlagos.com.br\/blog\/wp-content\/uploads\/2025\/12\/vestido-dourado-festas-de-fim-de-ano-768x432.jpeg 768w, https:\/\/www.interlagos.com.br\/blog\/wp-content\/uploads\/2025\/12\/vestido-dourado-festas-de-fim-de-ano-1536x864.jpeg 1536w, https:\/\/www.interlagos.com.br\/blog\/wp-content\/uploads\/2025\/12\/vestido-dourado-festas-de-fim-de-ano-2048x1152.jpeg 2048w, https:\/\/www.interlagos.com.br\/blog\/wp-content\/uploads\/2025\/12\/vestido-dourado-festas-de-fim-de-ano-1140x641.jpeg 1140w\" sizes=\"auto, (max-width: 1024px) 100vw, 1024px\" \/><figcaption class=\"wp-element-caption\">Foto: Banco de imagens Adobe Stock<\/figcaption><\/figure>\n\n\n\n<p><strong>Dourado e Prata<\/strong>: Para quem deseja adicionar um toque de glamour e sofistica\u00e7\u00e3o ao visual, o dourado e o prata s\u00e3o excelentes pedidas. Essas cores podem ser usadas em detalhes ou em pe\u00e7as inteiras, trazendo brilho e sofistica\u00e7\u00e3o ao seu look. Que tal experimentar um vestido dourado curto ou uma saia prateada? &nbsp;Um pouco de ousadia, afinal, n\u00e3o faz mal a ningu\u00e9m.<\/p>\n\n\n\n<h2 class=\"wp-block-heading\"><strong><u>Cores para looks de R\u00e9veillon<\/u><\/strong><\/h2>\n\n\n\n<figure class=\"wp-block-image size-large\"><img loading=\"lazy\" decoding=\"async\" width=\"1024\" height=\"1024\" src=\"https:\/\/www.interlagos.com.br\/blog\/wp-content\/uploads\/2025\/12\/Vestido-branco-festas-de-fim-de-ano-1024x1024.jpeg\" alt=\"\" class=\"wp-image-5069\" srcset=\"https:\/\/www.interlagos.com.br\/blog\/wp-content\/uploads\/2025\/12\/Vestido-branco-festas-de-fim-de-ano-1024x1024.jpeg 1024w, https:\/\/www.interlagos.com.br\/blog\/wp-content\/uploads\/2025\/12\/Vestido-branco-festas-de-fim-de-ano-300x300.jpeg 300w, https:\/\/www.interlagos.com.br\/blog\/wp-content\/uploads\/2025\/12\/Vestido-branco-festas-de-fim-de-ano-150x150.jpeg 150w, https:\/\/www.interlagos.com.br\/blog\/wp-content\/uploads\/2025\/12\/Vestido-branco-festas-de-fim-de-ano-768x768.jpeg 768w, https:\/\/www.interlagos.com.br\/blog\/wp-content\/uploads\/2025\/12\/Vestido-branco-festas-de-fim-de-ano-1536x1536.jpeg 1536w, https:\/\/www.interlagos.com.br\/blog\/wp-content\/uploads\/2025\/12\/Vestido-branco-festas-de-fim-de-ano-2048x2048.jpeg 2048w, https:\/\/www.interlagos.com.br\/blog\/wp-content\/uploads\/2025\/12\/Vestido-branco-festas-de-fim-de-ano-1140x1140.jpeg 1140w, https:\/\/www.interlagos.com.br\/blog\/wp-content\/uploads\/2025\/12\/Vestido-branco-festas-de-fim-de-ano-75x75.jpeg 75w\" sizes=\"auto, (max-width: 1024px) 100vw, 1024px\" \/><figcaption class=\"wp-element-caption\">Foto: Banco de imagens Adobe Stock<\/figcaption><\/figure>\n\n\n\n<p><strong>Branco<\/strong>: O cl\u00e1ssico branco nunca sai de moda no R\u00e9veillon. Nem precis\u00e1vamos dizer isso, n\u00e3o \u00e9 mesmo? &nbsp;Representando paz e renova\u00e7\u00e3o, essa cor \u00e9 um s\u00edmbolo, a op\u00e7\u00e3o preferida de quem deseja come\u00e7ar o ano novo com boas<\/p>\n\n\n\n<p>energias, seja na praia ou numa festa mais social. Se esse \u00e9 o seu caso, invista em vestidos fluidos ou conjuntinhos para compor um visual leve e elegante.<\/p>\n\n\n\n<figure class=\"wp-block-image size-large\"><img loading=\"lazy\" decoding=\"async\" width=\"842\" height=\"1024\" src=\"https:\/\/www.interlagos.com.br\/blog\/wp-content\/uploads\/2025\/12\/vestido-azul-festas-de-fim-de-ano-842x1024.jpeg\" alt=\"\" class=\"wp-image-5070\" srcset=\"https:\/\/www.interlagos.com.br\/blog\/wp-content\/uploads\/2025\/12\/vestido-azul-festas-de-fim-de-ano-842x1024.jpeg 842w, https:\/\/www.interlagos.com.br\/blog\/wp-content\/uploads\/2025\/12\/vestido-azul-festas-de-fim-de-ano-247x300.jpeg 247w, https:\/\/www.interlagos.com.br\/blog\/wp-content\/uploads\/2025\/12\/vestido-azul-festas-de-fim-de-ano-768x934.jpeg 768w, https:\/\/www.interlagos.com.br\/blog\/wp-content\/uploads\/2025\/12\/vestido-azul-festas-de-fim-de-ano-1263x1536.jpeg 1263w, https:\/\/www.interlagos.com.br\/blog\/wp-content\/uploads\/2025\/12\/vestido-azul-festas-de-fim-de-ano-1684x2048.jpeg 1684w, https:\/\/www.interlagos.com.br\/blog\/wp-content\/uploads\/2025\/12\/vestido-azul-festas-de-fim-de-ano-1140x1387.jpeg 1140w\" sizes=\"auto, (max-width: 842px) 100vw, 842px\" \/><figcaption class=\"wp-element-caption\">Foto: Banco de imagens Adobe Stock<\/figcaption><\/figure>\n\n\n\n<p><strong>Azul<\/strong>: Tons de azul, especialmente o azul claro, tamb\u00e9m est\u00e3o em alta no R\u00e9veillon 2025. Essa cor transmite serenidade e \u00e9 \u00f3tima para quem quer se destacar de forma sutil e sofisticada, mas ao mesmo tempo com discri\u00e7\u00e3o. Um vestido azul pode ser a pe\u00e7a-chave para a sua festa de R\u00e9veillon. \u00c9 uma aposta mais do que certeira, pode ter certeza disso.<\/p>\n\n\n\n<figure class=\"wp-block-image size-large\"><img loading=\"lazy\" decoding=\"async\" width=\"1024\" height=\"574\" src=\"https:\/\/www.interlagos.com.br\/blog\/wp-content\/uploads\/2025\/12\/conjunto-verde-claro-festas-de-fim-de-ano-1024x574.jpeg\" alt=\"\" class=\"wp-image-5071\" srcset=\"https:\/\/www.interlagos.com.br\/blog\/wp-content\/uploads\/2025\/12\/conjunto-verde-claro-festas-de-fim-de-ano-1024x574.jpeg 1024w, https:\/\/www.interlagos.com.br\/blog\/wp-content\/uploads\/2025\/12\/conjunto-verde-claro-festas-de-fim-de-ano-300x168.jpeg 300w, https:\/\/www.interlagos.com.br\/blog\/wp-content\/uploads\/2025\/12\/conjunto-verde-claro-festas-de-fim-de-ano-768x430.jpeg 768w, https:\/\/www.interlagos.com.br\/blog\/wp-content\/uploads\/2025\/12\/conjunto-verde-claro-festas-de-fim-de-ano-1536x861.jpeg 1536w, https:\/\/www.interlagos.com.br\/blog\/wp-content\/uploads\/2025\/12\/conjunto-verde-claro-festas-de-fim-de-ano-2048x1148.jpeg 2048w, https:\/\/www.interlagos.com.br\/blog\/wp-content\/uploads\/2025\/12\/conjunto-verde-claro-festas-de-fim-de-ano-1140x639.jpeg 1140w\" sizes=\"auto, (max-width: 1024px) 100vw, 1024px\" \/><figcaption class=\"wp-element-caption\">Foto: Banco de imagens Adobe Stock<\/figcaption><\/figure>\n\n\n\n<p><strong>Verde: &nbsp;<\/strong>Para quem busca equil\u00edbrio e serenidade, tons suaves de verde, como o verde menta, tamb\u00e9m s\u00e3o \u00f3timas op\u00e7\u00f5es para seguir as tend\u00eancias da moda nesse fim de ano. Experimente um visual monocrom\u00e1tico em que o blazer seja o destaque. Texturas como croch\u00ea e tecidos acetinados, s\u00e3o uma boa alternativa para dar um toque a mais de charme ao seu visual.<\/p>\n\n\n\n<figure class=\"wp-block-image size-large\"><img loading=\"lazy\" decoding=\"async\" width=\"1024\" height=\"683\" src=\"https:\/\/www.interlagos.com.br\/blog\/wp-content\/uploads\/2025\/12\/vestido-amarelo-festas-de-fim-de-ano-1024x683.jpeg\" alt=\"\" class=\"wp-image-5072\" srcset=\"https:\/\/www.interlagos.com.br\/blog\/wp-content\/uploads\/2025\/12\/vestido-amarelo-festas-de-fim-de-ano-1024x683.jpeg 1024w, https:\/\/www.interlagos.com.br\/blog\/wp-content\/uploads\/2025\/12\/vestido-amarelo-festas-de-fim-de-ano-300x200.jpeg 300w, https:\/\/www.interlagos.com.br\/blog\/wp-content\/uploads\/2025\/12\/vestido-amarelo-festas-de-fim-de-ano-768x512.jpeg 768w, https:\/\/www.interlagos.com.br\/blog\/wp-content\/uploads\/2025\/12\/vestido-amarelo-festas-de-fim-de-ano-1536x1024.jpeg 1536w, https:\/\/www.interlagos.com.br\/blog\/wp-content\/uploads\/2025\/12\/vestido-amarelo-festas-de-fim-de-ano-2048x1365.jpeg 2048w, https:\/\/www.interlagos.com.br\/blog\/wp-content\/uploads\/2025\/12\/vestido-amarelo-festas-de-fim-de-ano-1140x760.jpeg 1140w\" sizes=\"auto, (max-width: 1024px) 100vw, 1024px\" \/><figcaption class=\"wp-element-caption\">Foto: Banco de imagens Adobe Stock<\/figcaption><\/figure>\n\n\n\n<p><strong>Dourado e amarelo<\/strong>: Para quem acredita no significado das cores de fim de ano, um mix de amarelo e dourado pode ser uma excelente escolha. Essas cores atraem prosperidade e alegria. Um vestido amarelo, acess\u00f3rios dourados proporcionam um look vibrante e cheio de energia positiva.<\/p>\n\n\n\n<p>Com essas dicas de cores, voc\u00ea est\u00e1 pronta para arrasar no Natal e no R\u00e9veillon de 2025, garantindo um visual deslumbrante para as festas! Mas lembre-se: o mais importante \u00e9 que voc\u00ea se sinta bem com o que est\u00e1 vestindo. Por isso, passa aqui no Shopping Interlagos onde voc\u00ea com certeza vai encontrar pe\u00e7as que refletem sua personalidade e seu estilo. Depois, \u00e9 s\u00f3 festejar com os amigos e a fam\u00edlia!<\/p>\n","protected":false},"excerpt":{"rendered":"<p>As festas de fim de ano est\u00e3o a\u00ed e essa \u00e9 a hora de voc\u00ea brilhar nos seus looks!&nbsp; Mas voc\u00ea sabe quais s\u00e3o as cores que v\u00e3o ditar a tend\u00eancia da moda no Natal e R\u00e9veillon de 2025? Escolher as cores certas \u00e9 fundamental. E existem op\u00e7\u00f5es que v\u00e3o muito al\u00e9m dos tradicionais verde e vermelho natalino ou branco de r\u00e9veillon. Vamos explorar juntos as tend\u00eancias que prometem dominar os visuais neste fim de ano? Siga as nossas dicas e voc\u00ea vai estar radiante, pode acreditar! Cores para looks de Natal Vermelho: Cl\u00e1ssico e atemporal, o vermelho \u00e9 a cor s\u00edmbolo do Natal. Al\u00e9m de trazer um ar festivo, combina perfeitamente com o esp\u00edrito natalino. Aposte em vestidos, blusas ou acess\u00f3rios vermelhos para um look vibrante. Verde-Esmeralda: Representando a esperan\u00e7a e a renova\u00e7\u00e3o, o verde-esmeralda \u00e9 uma excelente escolha para a ceia ou o almo\u00e7o de Natal. Essa cor, elegante e sofisticada, pode ser usada em pe\u00e7as como saias, blusas ou at\u00e9 mesmo em um charmoso macac\u00e3o. Dourado e Prata: Para quem deseja adicionar um toque de glamour e sofistica\u00e7\u00e3o ao visual, o dourado e o prata s\u00e3o excelentes pedidas. Essas cores podem ser usadas em detalhes ou em pe\u00e7as inteiras, trazendo brilho e sofistica\u00e7\u00e3o ao seu look. Que tal experimentar um vestido dourado curto ou uma saia prateada? &nbsp;Um pouco de ousadia, afinal, n\u00e3o faz mal a ningu\u00e9m. Cores para looks de R\u00e9veillon Branco: O cl\u00e1ssico branco nunca sai de moda no R\u00e9veillon. Nem precis\u00e1vamos dizer isso, n\u00e3o \u00e9 mesmo? &nbsp;Representando paz e renova\u00e7\u00e3o, essa cor \u00e9 um s\u00edmbolo, a op\u00e7\u00e3o preferida de quem deseja come\u00e7ar o ano novo com boas energias, seja na praia ou numa festa mais social. Se esse \u00e9 o seu caso, invista em vestidos fluidos ou conjuntinhos para compor um visual leve e elegante. Azul: Tons de azul, especialmente o azul claro, tamb\u00e9m est\u00e3o em alta no R\u00e9veillon 2025. Essa cor transmite serenidade e \u00e9 \u00f3tima para quem quer se destacar de forma sutil e sofisticada, mas ao mesmo tempo com discri\u00e7\u00e3o. Um vestido azul pode ser a pe\u00e7a-chave para a sua festa de R\u00e9veillon. \u00c9 uma aposta mais do que certeira, pode ter certeza disso. Verde: &nbsp;Para quem busca equil\u00edbrio e serenidade, tons suaves de verde, como o verde menta, tamb\u00e9m s\u00e3o \u00f3timas op\u00e7\u00f5es para seguir as tend\u00eancias da moda nesse fim de ano. Experimente um visual monocrom\u00e1tico em que o blazer seja o destaque. Texturas como croch\u00ea e tecidos acetinados, s\u00e3o uma boa alternativa para dar um toque a mais de charme ao seu visual. Dourado e amarelo: Para quem acredita no significado das cores de fim de ano, um mix de amarelo e dourado pode ser uma excelente escolha. Essas cores atraem prosperidade e alegria. Um vestido amarelo, acess\u00f3rios dourados proporcionam um look vibrante e cheio de energia positiva. Com essas dicas de cores, voc\u00ea est\u00e1 pronta para arrasar no Natal e no R\u00e9veillon de 2025, garantindo um visual deslumbrante para as festas! Mas lembre-se: o mais importante \u00e9 que voc\u00ea se sinta bem com o que est\u00e1 vestindo. Por isso, passa aqui no Shopping Interlagos onde voc\u00ea com certeza vai encontrar pe\u00e7as que refletem sua personalidade e seu estilo. Depois, \u00e9 s\u00f3 festejar com os amigos e a fam\u00edlia!<\/p>\n","protected":false},"author":2,"featured_media":5073,"comment_status":"closed","ping_status":"","sticky":false,"template":"","format":"standard","meta":{"_monsterinsights_skip_tracking":false,"_monsterinsights_sitenote_active":false,"_monsterinsights_sitenote_note":"","_monsterinsights_sitenote_category":0,"footnotes":""},"categories":[49],"tags":[1059,1057,1061,1058,1060],"class_list":["post-5058","post","type-post","status-publish","format-standard","has-post-thumbnail","hentry","category-moda-beleza","tag-cores-de-fim-de-ano","tag-cores-de-looks","tag-looks-de-ano-novo","tag-looks-de-fim-de-ano","tag-looks-de-natal"],"_links":{"self":[{"href":"https:\/\/www.interlagos.com.br\/blog\/wp-json\/wp\/v2\/posts\/5058","targetHints":{"allow":["GET"]}}],"collection":[{"href":"https:\/\/www.interlagos.com.br\/blog\/wp-json\/wp\/v2\/posts"}],"about":[{"href":"https:\/\/www.interlagos.com.br\/blog\/wp-json\/wp\/v2\/types\/post"}],"author":[{"embeddable":true,"href":"https:\/\/www.interlagos.com.br\/blog\/wp-json\/wp\/v2\/users\/2"}],"replies":[{"embeddable":true,"href":"https:\/\/www.interlagos.com.br\/blog\/wp-json\/wp\/v2\/comments?post=5058"}],"version-history":[{"count":1,"href":"https:\/\/www.interlagos.com.br\/blog\/wp-json\/wp\/v2\/posts\/5058\/revisions"}],"predecessor-version":[{"id":5074,"href":"https:\/\/www.interlagos.com.br\/blog\/wp-json\/wp\/v2\/posts\/5058\/revisions\/5074"}],"wp:featuredmedia":[{"embeddable":true,"href":"https:\/\/www.interlagos.com.br\/blog\/wp-json\/wp\/v2\/media\/5073"}],"wp:attachment":[{"href":"https:\/\/www.interlagos.com.br\/blog\/wp-json\/wp\/v2\/media?parent=5058"}],"wp:term":[{"taxonomy":"category","embeddable":true,"href":"https:\/\/www.interlagos.com.br\/blog\/wp-json\/wp\/v2\/categories?post=5058"},{"taxonomy":"post_tag","embeddable":true,"href":"https:\/\/www.interlagos.com.br\/blog\/wp-json\/wp\/v2\/tags?post=5058"}],"curies":[{"name":"wp","href":"https:\/\/api.w.org\/{rel}","templated":true}]}}