{"id":4982,"date":"2025-10-30T09:00:00","date_gmt":"2025-10-30T12:00:00","guid":{"rendered":"https:\/\/www.interlagos.com.br\/blog\/?p=4982"},"modified":"2025-10-22T23:09:59","modified_gmt":"2025-10-23T02:09:59","slug":"gestacao-dicas-de-cuidados-para-celebrar-cada-momento-com-bem-estar","status":"publish","type":"post","link":"https:\/\/www.interlagos.com.br\/blog\/2025\/10\/gestacao-dicas-de-cuidados-para-celebrar-cada-momento-com-bem-estar\/","title":{"rendered":"Gesta\u00e7\u00e3o: dicas de cuidados para celebrar cada momento com bem-estar"},"content":{"rendered":"\n<p>A gesta\u00e7\u00e3o \u00e9 um momento transformador na vida de uma mulher. Ao longo dos meses, o corpo passa por diversas mudan\u00e7as para acolher o dom mais precioso: o de gerar uma vida. Por isso, as gr\u00e1vidas merecem cuidados especiais, celebrando cada etapa dessa jornada com leveza, sa\u00fade e bem-estar.<\/p>\n\n\n\n<p>Pensando nisso, preparamos dicas essenciais e muito pr\u00e1ticas para que viver essa fase com mais conforto, autoestima e equil\u00edbrio, garantindo qualidade de vida e promovendo o bem-estar f\u00edsico para a mam\u00e3e e o beb\u00ea durante toda a gravidez. Vamos juntas?<\/p>\n\n\n\n<figure class=\"wp-block-image size-large\"><img loading=\"lazy\" decoding=\"async\" width=\"1024\" height=\"683\" src=\"https:\/\/www.interlagos.com.br\/blog\/wp-content\/uploads\/2025\/09\/Cultive-os-cuidados-com-a-pele-na-gestacao-min-1024x683.jpeg\" alt=\"\" class=\"wp-image-4983\" srcset=\"https:\/\/www.interlagos.com.br\/blog\/wp-content\/uploads\/2025\/09\/Cultive-os-cuidados-com-a-pele-na-gestacao-min-1024x683.jpeg 1024w, https:\/\/www.interlagos.com.br\/blog\/wp-content\/uploads\/2025\/09\/Cultive-os-cuidados-com-a-pele-na-gestacao-min-300x200.jpeg 300w, https:\/\/www.interlagos.com.br\/blog\/wp-content\/uploads\/2025\/09\/Cultive-os-cuidados-com-a-pele-na-gestacao-min-768x512.jpeg 768w, https:\/\/www.interlagos.com.br\/blog\/wp-content\/uploads\/2025\/09\/Cultive-os-cuidados-com-a-pele-na-gestacao-min-1536x1024.jpeg 1536w, https:\/\/www.interlagos.com.br\/blog\/wp-content\/uploads\/2025\/09\/Cultive-os-cuidados-com-a-pele-na-gestacao-min-2048x1365.jpeg 2048w, https:\/\/www.interlagos.com.br\/blog\/wp-content\/uploads\/2025\/09\/Cultive-os-cuidados-com-a-pele-na-gestacao-min-1140x760.jpeg 1140w\" sizes=\"auto, (max-width: 1024px) 100vw, 1024px\" \/><figcaption class=\"wp-element-caption\"><em>Imagem: Adobe Stock<\/em><\/figcaption><\/figure>\n\n\n\n<h2 class=\"wp-block-heading\"><strong>Cultive os cuidados com a pele<\/strong><\/h2>\n\n\n\n<p>Durante a gravidez, \u00e9 comum que a pele passe por altera\u00e7\u00f5es como o ressecamento. Por isso, manter a hidrata\u00e7\u00e3o \u00e9 fundamental para garantir uma pele sempre radiante durante essa fase t\u00e3o especial. Uma boa dica \u00e9 apostar em cremes e \u00f3leos com f\u00f3rmulas neutras ou \u00e0 base de \u00e1gua, que se ajustam perfeitamente ao pH da pele, evitando irrita\u00e7\u00f5es.<\/p>\n\n\n\n<p>Cuidados com outras \u00e1reas do corpo, como barriga, seios, coxas e quadris tamb\u00e9m s\u00e3o importantes. &nbsp;Massagens suaves com produtos \u00e0 base de vitamina E, \u00f3leo de am\u00eandoas ou manteiga de karit\u00e9, auxiliam na manuten\u00e7\u00e3o da elasticidade da pele, al\u00e9m de promoverem aquele momento relaxante que toda gestante merece.<\/p>\n\n\n\n<figure class=\"wp-block-image size-large\"><img loading=\"lazy\" decoding=\"async\" width=\"1024\" height=\"683\" src=\"https:\/\/www.interlagos.com.br\/blog\/wp-content\/uploads\/2025\/09\/Faca-exercicios-leves-na-gestacao-min-1024x683.jpeg\" alt=\"\" class=\"wp-image-4984\" srcset=\"https:\/\/www.interlagos.com.br\/blog\/wp-content\/uploads\/2025\/09\/Faca-exercicios-leves-na-gestacao-min-1024x683.jpeg 1024w, https:\/\/www.interlagos.com.br\/blog\/wp-content\/uploads\/2025\/09\/Faca-exercicios-leves-na-gestacao-min-300x200.jpeg 300w, https:\/\/www.interlagos.com.br\/blog\/wp-content\/uploads\/2025\/09\/Faca-exercicios-leves-na-gestacao-min-768x512.jpeg 768w, https:\/\/www.interlagos.com.br\/blog\/wp-content\/uploads\/2025\/09\/Faca-exercicios-leves-na-gestacao-min-1536x1024.jpeg 1536w, https:\/\/www.interlagos.com.br\/blog\/wp-content\/uploads\/2025\/09\/Faca-exercicios-leves-na-gestacao-min-2048x1365.jpeg 2048w, https:\/\/www.interlagos.com.br\/blog\/wp-content\/uploads\/2025\/09\/Faca-exercicios-leves-na-gestacao-min-1140x760.jpeg 1140w\" sizes=\"auto, (max-width: 1024px) 100vw, 1024px\" \/><figcaption class=\"wp-element-caption\"><em>Imagem: Adobe Stock<\/em><\/figcaption><\/figure>\n\n\n\n<h2 class=\"wp-block-heading\"><strong>Fa\u00e7a exerc\u00edcios leves<\/strong><\/h2>\n\n\n\n<p>Praticar atividades f\u00edsicas \u00e9 essencial em todas as fases da vida para manter o organismo equilibrado. Durante a gesta\u00e7\u00e3o, a recomenda\u00e7\u00e3o \u00e9 que exerc\u00edcios sejam realizados de forma leve, e sempre acompanhados por profissionais especializados. &nbsp;Caminhadas, pilates, yoga para gestantes, alongamentos e hidrogin\u00e1stica s\u00e3o excelentes op\u00e7\u00f5es para aliviar desconfortos, melhorar a circula\u00e7\u00e3o, melhorar o humor, reduzir o incha\u00e7o e ainda contribuem para o bem-estar emocional e f\u00edsico.<\/p>\n\n\n\n<p>\u00c9 fundamental sempre consultar o m\u00e9dico antes de iniciar qualquer atividade f\u00edsica na gravidez. Ele vai avaliar o estado de sa\u00fade, indicar os cuidados necess\u00e1rios e garantir que os exerc\u00edcios escolhidos sejam seguros para a gestante e para o beb\u00ea.<\/p>\n\n\n\n<figure class=\"wp-block-image size-large\"><img loading=\"lazy\" decoding=\"async\" width=\"1024\" height=\"624\" src=\"https:\/\/www.interlagos.com.br\/blog\/wp-content\/uploads\/2025\/09\/Tenha-uma-alimentacao-balanceada-na-gestacao-min-1024x624.jpeg\" alt=\"\" class=\"wp-image-4985\" srcset=\"https:\/\/www.interlagos.com.br\/blog\/wp-content\/uploads\/2025\/09\/Tenha-uma-alimentacao-balanceada-na-gestacao-min-1024x624.jpeg 1024w, https:\/\/www.interlagos.com.br\/blog\/wp-content\/uploads\/2025\/09\/Tenha-uma-alimentacao-balanceada-na-gestacao-min-300x183.jpeg 300w, https:\/\/www.interlagos.com.br\/blog\/wp-content\/uploads\/2025\/09\/Tenha-uma-alimentacao-balanceada-na-gestacao-min-768x468.jpeg 768w, https:\/\/www.interlagos.com.br\/blog\/wp-content\/uploads\/2025\/09\/Tenha-uma-alimentacao-balanceada-na-gestacao-min-1536x935.jpeg 1536w, https:\/\/www.interlagos.com.br\/blog\/wp-content\/uploads\/2025\/09\/Tenha-uma-alimentacao-balanceada-na-gestacao-min-2048x1247.jpeg 2048w, https:\/\/www.interlagos.com.br\/blog\/wp-content\/uploads\/2025\/09\/Tenha-uma-alimentacao-balanceada-na-gestacao-min-1140x694.jpeg 1140w\" sizes=\"auto, (max-width: 1024px) 100vw, 1024px\" \/><figcaption class=\"wp-element-caption\"><em>Imagem: Adobe Stock<\/em><\/figcaption><\/figure>\n\n\n\n<h2 class=\"wp-block-heading\"><strong>Tenha uma alimenta\u00e7\u00e3o balanceada<\/strong><\/h2>\n\n\n\n<p>Uma alimenta\u00e7\u00e3o equilibrada faz toda a diferen\u00e7a durante a gesta\u00e7\u00e3o, tanto para a sa\u00fade da m\u00e3e quanto para o desenvolvimento do beb\u00ea. Por isso, vale a pena investir em refei\u00e7\u00f5es ricas em frutas, legumes, verduras, prote\u00ednas magras, gr\u00e3os integrais e alimentos fontes de ferro e c\u00e1lcio. Esses nutrientes s\u00e3o essenciais para fortalecer o organismo da gestante e contribuir para o crescimento saud\u00e1vel do beb\u00ea ao longo de toda essa fase.<\/p>\n\n\n\n<p>Al\u00e9m da alimenta\u00e7\u00e3o, a hidrata\u00e7\u00e3o \u00e9 fundamental durante a gesta\u00e7\u00e3o, pois ajuda na digest\u00e3o, previne incha\u00e7os, auxilia no funcionamento dos rins. Por isso, vale a pena ter &nbsp;sempre uma garrafinha por perto para se hidratar ao longo do dia.<\/p>\n\n\n\n<figure class=\"wp-block-image size-large\"><img loading=\"lazy\" decoding=\"async\" width=\"1024\" height=\"649\" src=\"https:\/\/www.interlagos.com.br\/blog\/wp-content\/uploads\/2025\/09\/Valorize-o-descanso-e-o-autocuidado-na-gestacao-1024x649.jpeg\" alt=\"\" class=\"wp-image-4986\" srcset=\"https:\/\/www.interlagos.com.br\/blog\/wp-content\/uploads\/2025\/09\/Valorize-o-descanso-e-o-autocuidado-na-gestacao-1024x649.jpeg 1024w, https:\/\/www.interlagos.com.br\/blog\/wp-content\/uploads\/2025\/09\/Valorize-o-descanso-e-o-autocuidado-na-gestacao-300x190.jpeg 300w, https:\/\/www.interlagos.com.br\/blog\/wp-content\/uploads\/2025\/09\/Valorize-o-descanso-e-o-autocuidado-na-gestacao-768x487.jpeg 768w, https:\/\/www.interlagos.com.br\/blog\/wp-content\/uploads\/2025\/09\/Valorize-o-descanso-e-o-autocuidado-na-gestacao-1536x974.jpeg 1536w, https:\/\/www.interlagos.com.br\/blog\/wp-content\/uploads\/2025\/09\/Valorize-o-descanso-e-o-autocuidado-na-gestacao-2048x1299.jpeg 2048w, https:\/\/www.interlagos.com.br\/blog\/wp-content\/uploads\/2025\/09\/Valorize-o-descanso-e-o-autocuidado-na-gestacao-1140x723.jpeg 1140w\" sizes=\"auto, (max-width: 1024px) 100vw, 1024px\" \/><figcaption class=\"wp-element-caption\"><em>Imagem: Adobe Stock<\/em><\/figcaption><\/figure>\n\n\n\n<h2 class=\"wp-block-heading\"><strong>Valorize o descanso e o autocuidado<\/strong><\/h2>\n\n\n\n<p>Com tantas mudan\u00e7as acontecendo durante a gravidez, o corpo tamb\u00e9m merece momentos de pausa e autocuidado. Por isso, respeitar o descanso \u00e9 essencial para manter o equil\u00edbrio, tanto f\u00edsico quanto emocional, al\u00e9m de garantir mais disposi\u00e7\u00e3o e bem-estar durante os novos meses da gesta\u00e7\u00e3o.<\/p>\n\n\n\n<p>Cultivar h\u00e1bitos de autocuidado no dia a dia, como um banho relaxante, uma leitura leve ou um momento para meditar e respirar profundamente, faz toda a diferen\u00e7a, trazendo leveza e fortalecendo a autoestima.<\/p>\n\n\n\n<figure class=\"wp-block-image size-large\"><img loading=\"lazy\" decoding=\"async\" width=\"1024\" height=\"683\" src=\"https:\/\/www.interlagos.com.br\/blog\/wp-content\/uploads\/2025\/09\/Celebre-cada-momento-da-gestacao-min-1024x683.jpeg\" alt=\"\" class=\"wp-image-4987\" srcset=\"https:\/\/www.interlagos.com.br\/blog\/wp-content\/uploads\/2025\/09\/Celebre-cada-momento-da-gestacao-min-1024x683.jpeg 1024w, https:\/\/www.interlagos.com.br\/blog\/wp-content\/uploads\/2025\/09\/Celebre-cada-momento-da-gestacao-min-300x200.jpeg 300w, https:\/\/www.interlagos.com.br\/blog\/wp-content\/uploads\/2025\/09\/Celebre-cada-momento-da-gestacao-min-768x512.jpeg 768w, https:\/\/www.interlagos.com.br\/blog\/wp-content\/uploads\/2025\/09\/Celebre-cada-momento-da-gestacao-min-1536x1024.jpeg 1536w, https:\/\/www.interlagos.com.br\/blog\/wp-content\/uploads\/2025\/09\/Celebre-cada-momento-da-gestacao-min-2048x1365.jpeg 2048w, https:\/\/www.interlagos.com.br\/blog\/wp-content\/uploads\/2025\/09\/Celebre-cada-momento-da-gestacao-min-1140x760.jpeg 1140w\" sizes=\"auto, (max-width: 1024px) 100vw, 1024px\" \/><figcaption class=\"wp-element-caption\"><em>Imagem: Adobe Stock<\/em><\/figcaption><\/figure>\n\n\n\n<h2 class=\"wp-block-heading\"><strong>Celebre cada momento<\/strong><\/h2>\n\n\n\n<p>A gesta\u00e7\u00e3o \u00e9 feita de descobertas, emo\u00e7\u00f5es e uma conex\u00e3o profunda com o novo que est\u00e1 por vir. Por isso, permitir-se vivenciar essa jornada com leveza, cuidado e amor consigo mesma e com o beb\u00ea \u00e9 importante. Lembre-se que essa fase \u00e9 \u00fanica e merece ser celebrada com plenitude, desfrutar momentos especiais em fam\u00edlia, sair para encontros com as amigas, registrar cada detalhe com fotos e aproveitar para criar mem\u00f3rias que aquecer\u00e3o o cora\u00e7\u00e3o para sempre, valorizando cada instante dessa experi\u00eancia incr\u00edvel que \u00e9 gerar uma nova vida.<\/p>\n\n\n\n<p>Curtiu as nossas dicas? Para tornar essa fase ainda mais especial, no <a href=\"https:\/\/www.interlagos.com.br\/busca-lojas.php\">Shopping Interlagos voc\u00ea encontra diversas lojas com os mais diversos itens para celebrar cada m\u00eas desse momento<\/a>, desde roupas confort\u00e1veis e estilosas, acess\u00f3rios diversos e produtos para garantir o bem-estar e estilo em cada momento da gravidez. E para cuidar da sa\u00fade com toda a aten\u00e7\u00e3o que as mam\u00e3es merecem, o CEMA, est\u00e1 aqui para acompanhar toda essa jornada com profissionais dedicados e um cuidado personalizado.<\/p>\n\n\n\n<p>Esperamos por voc\u00ea!<\/p>\n","protected":false},"excerpt":{"rendered":"<p>A gesta\u00e7\u00e3o \u00e9 um momento transformador na vida de uma mulher. Ao longo dos meses, o corpo passa por diversas mudan\u00e7as para acolher o dom mais precioso: o de gerar uma vida. Por isso, as gr\u00e1vidas merecem cuidados especiais, celebrando cada etapa dessa jornada com leveza, sa\u00fade e bem-estar. Pensando nisso, preparamos dicas essenciais e muito pr\u00e1ticas para que viver essa fase com mais conforto, autoestima e equil\u00edbrio, garantindo qualidade de vida e promovendo o bem-estar f\u00edsico para a mam\u00e3e e o beb\u00ea durante toda a gravidez. Vamos juntas? Cultive os cuidados com a pele Durante a gravidez, \u00e9 comum que a pele passe por altera\u00e7\u00f5es como o ressecamento. Por isso, manter a hidrata\u00e7\u00e3o \u00e9 fundamental para garantir uma pele sempre radiante durante essa fase t\u00e3o especial. Uma boa dica \u00e9 apostar em cremes e \u00f3leos com f\u00f3rmulas neutras ou \u00e0 base de \u00e1gua, que se ajustam perfeitamente ao pH da pele, evitando irrita\u00e7\u00f5es. Cuidados com outras \u00e1reas do corpo, como barriga, seios, coxas e quadris tamb\u00e9m s\u00e3o importantes. &nbsp;Massagens suaves com produtos \u00e0 base de vitamina E, \u00f3leo de am\u00eandoas ou manteiga de karit\u00e9, auxiliam na manuten\u00e7\u00e3o da elasticidade da pele, al\u00e9m de promoverem aquele momento relaxante que toda gestante merece. Fa\u00e7a exerc\u00edcios leves Praticar atividades f\u00edsicas \u00e9 essencial em todas as fases da vida para manter o organismo equilibrado. Durante a gesta\u00e7\u00e3o, a recomenda\u00e7\u00e3o \u00e9 que exerc\u00edcios sejam realizados de forma leve, e sempre acompanhados por profissionais especializados. &nbsp;Caminhadas, pilates, yoga para gestantes, alongamentos e hidrogin\u00e1stica s\u00e3o excelentes op\u00e7\u00f5es para aliviar desconfortos, melhorar a circula\u00e7\u00e3o, melhorar o humor, reduzir o incha\u00e7o e ainda contribuem para o bem-estar emocional e f\u00edsico. \u00c9 fundamental sempre consultar o m\u00e9dico antes de iniciar qualquer atividade f\u00edsica na gravidez. Ele vai avaliar o estado de sa\u00fade, indicar os cuidados necess\u00e1rios e garantir que os exerc\u00edcios escolhidos sejam seguros para a gestante e para o beb\u00ea. Tenha uma alimenta\u00e7\u00e3o balanceada Uma alimenta\u00e7\u00e3o equilibrada faz toda a diferen\u00e7a durante a gesta\u00e7\u00e3o, tanto para a sa\u00fade da m\u00e3e quanto para o desenvolvimento do beb\u00ea. Por isso, vale a pena investir em refei\u00e7\u00f5es ricas em frutas, legumes, verduras, prote\u00ednas magras, gr\u00e3os integrais e alimentos fontes de ferro e c\u00e1lcio. Esses nutrientes s\u00e3o essenciais para fortalecer o organismo da gestante e contribuir para o crescimento saud\u00e1vel do beb\u00ea ao longo de toda essa fase. Al\u00e9m da alimenta\u00e7\u00e3o, a hidrata\u00e7\u00e3o \u00e9 fundamental durante a gesta\u00e7\u00e3o, pois ajuda na digest\u00e3o, previne incha\u00e7os, auxilia no funcionamento dos rins. Por isso, vale a pena ter &nbsp;sempre uma garrafinha por perto para se hidratar ao longo do dia. Valorize o descanso e o autocuidado Com tantas mudan\u00e7as acontecendo durante a gravidez, o corpo tamb\u00e9m merece momentos de pausa e autocuidado. Por isso, respeitar o descanso \u00e9 essencial para manter o equil\u00edbrio, tanto f\u00edsico quanto emocional, al\u00e9m de garantir mais disposi\u00e7\u00e3o e bem-estar durante os novos meses da gesta\u00e7\u00e3o. Cultivar h\u00e1bitos de autocuidado no dia a dia, como um banho relaxante, uma leitura leve ou um momento para meditar e respirar profundamente, faz toda a diferen\u00e7a, trazendo leveza e fortalecendo a autoestima. Celebre cada momento A gesta\u00e7\u00e3o \u00e9 feita de descobertas, emo\u00e7\u00f5es e uma conex\u00e3o profunda com o novo que est\u00e1 por vir. Por isso, permitir-se vivenciar essa jornada com leveza, cuidado e amor consigo mesma e com o beb\u00ea \u00e9 importante. Lembre-se que essa fase \u00e9 \u00fanica e merece ser celebrada com plenitude, desfrutar momentos especiais em fam\u00edlia, sair para encontros com as amigas, registrar cada detalhe com fotos e aproveitar para criar mem\u00f3rias que aquecer\u00e3o o cora\u00e7\u00e3o para sempre, valorizando cada instante dessa experi\u00eancia incr\u00edvel que \u00e9 gerar uma nova vida. Curtiu as nossas dicas? Para tornar essa fase ainda mais especial, no Shopping Interlagos voc\u00ea encontra diversas lojas com os mais diversos itens para celebrar cada m\u00eas desse momento, desde roupas confort\u00e1veis e estilosas, acess\u00f3rios diversos e produtos para garantir o bem-estar e estilo em cada momento da gravidez. E para cuidar da sa\u00fade com toda a aten\u00e7\u00e3o que as mam\u00e3es merecem, o CEMA, est\u00e1 aqui para acompanhar toda essa jornada com profissionais dedicados e um cuidado personalizado. Esperamos por voc\u00ea!<\/p>\n","protected":false},"author":2,"featured_media":4988,"comment_status":"open","ping_status":"","sticky":false,"template":"","format":"standard","meta":{"_monsterinsights_skip_tracking":false,"_monsterinsights_sitenote_active":false,"_monsterinsights_sitenote_note":"","_monsterinsights_sitenote_category":0,"footnotes":""},"categories":[60],"tags":[1034,205,479,83,1035,1033,183,1036],"class_list":["post-4982","post","type-post","status-publish","format-standard","has-post-thumbnail","hentry","category-saude","tag-alimentacao-equilibrada","tag-autocuidado","tag-bem-estar","tag-cuidados-com-a-pele","tag-cuidados-com-o-corpo","tag-cuidados-na-gestacao","tag-exercicios","tag-gestacao"],"_links":{"self":[{"href":"https:\/\/www.interlagos.com.br\/blog\/wp-json\/wp\/v2\/posts\/4982","targetHints":{"allow":["GET"]}}],"collection":[{"href":"https:\/\/www.interlagos.com.br\/blog\/wp-json\/wp\/v2\/posts"}],"about":[{"href":"https:\/\/www.interlagos.com.br\/blog\/wp-json\/wp\/v2\/types\/post"}],"author":[{"embeddable":true,"href":"https:\/\/www.interlagos.com.br\/blog\/wp-json\/wp\/v2\/users\/2"}],"replies":[{"embeddable":true,"href":"https:\/\/www.interlagos.com.br\/blog\/wp-json\/wp\/v2\/comments?post=4982"}],"version-history":[{"count":1,"href":"https:\/\/www.interlagos.com.br\/blog\/wp-json\/wp\/v2\/posts\/4982\/revisions"}],"predecessor-version":[{"id":4989,"href":"https:\/\/www.interlagos.com.br\/blog\/wp-json\/wp\/v2\/posts\/4982\/revisions\/4989"}],"wp:featuredmedia":[{"embeddable":true,"href":"https:\/\/www.interlagos.com.br\/blog\/wp-json\/wp\/v2\/media\/4988"}],"wp:attachment":[{"href":"https:\/\/www.interlagos.com.br\/blog\/wp-json\/wp\/v2\/media?parent=4982"}],"wp:term":[{"taxonomy":"category","embeddable":true,"href":"https:\/\/www.interlagos.com.br\/blog\/wp-json\/wp\/v2\/categories?post=4982"},{"taxonomy":"post_tag","embeddable":true,"href":"https:\/\/www.interlagos.com.br\/blog\/wp-json\/wp\/v2\/tags?post=4982"}],"curies":[{"name":"wp","href":"https:\/\/api.w.org\/{rel}","templated":true}]}}