{"id":4721,"date":"2025-06-12T09:00:00","date_gmt":"2025-06-12T12:00:00","guid":{"rendered":"https:\/\/www.interlagos.com.br\/blog\/?p=4721"},"modified":"2025-06-18T08:29:29","modified_gmt":"2025-06-18T11:29:29","slug":"suede-como-incluir-essa-tendencia-nos-seus-looks-de-outono-inverno","status":"publish","type":"post","link":"https:\/\/www.interlagos.com.br\/blog\/2025\/06\/suede-como-incluir-essa-tendencia-nos-seus-looks-de-outono-inverno\/","title":{"rendered":"Suede: como incluir essa tend\u00eancia nos seus looks de Outono Inverno"},"content":{"rendered":"\n<p>As pe\u00e7as em suede s\u00e3o uma das tend\u00eancias mais marcantes nesse outono inverno de 2025. Um tecido que lembra a camur\u00e7a, conhecido por seu toque macio e visual sofisticado, o suede \u00e9 vers\u00e1til, elegante e acolhedor, estando presente em uma grande variedade de roupas e acess\u00f3rios nesta temporada.<\/p>\n\n\n\n<p>Para te ajudar a incorporar essa tend\u00eancia de forma pr\u00e1tica e inspiradora, preparamos um guia completo com dicas e combina\u00e7\u00f5es imperd\u00edveis. Vem com a gente descobrir como o suede pode transformar o seu guarda-roupa com personalidade e muito charme!<\/p>\n\n\n\n<figure class=\"wp-block-image size-large\"><img loading=\"lazy\" decoding=\"async\" width=\"1024\" height=\"683\" src=\"https:\/\/www.interlagos.com.br\/blog\/wp-content\/uploads\/2025\/06\/Looks-monocromaticos-em-suede-min-1024x683.jpeg\" alt=\"\" class=\"wp-image-4750\" srcset=\"https:\/\/www.interlagos.com.br\/blog\/wp-content\/uploads\/2025\/06\/Looks-monocromaticos-em-suede-min-1024x683.jpeg 1024w, https:\/\/www.interlagos.com.br\/blog\/wp-content\/uploads\/2025\/06\/Looks-monocromaticos-em-suede-min-300x200.jpeg 300w, https:\/\/www.interlagos.com.br\/blog\/wp-content\/uploads\/2025\/06\/Looks-monocromaticos-em-suede-min-768x512.jpeg 768w, https:\/\/www.interlagos.com.br\/blog\/wp-content\/uploads\/2025\/06\/Looks-monocromaticos-em-suede-min-1536x1024.jpeg 1536w, https:\/\/www.interlagos.com.br\/blog\/wp-content\/uploads\/2025\/06\/Looks-monocromaticos-em-suede-min-2048x1365.jpeg 2048w, https:\/\/www.interlagos.com.br\/blog\/wp-content\/uploads\/2025\/06\/Looks-monocromaticos-em-suede-min-1140x760.jpeg 1140w\" sizes=\"auto, (max-width: 1024px) 100vw, 1024px\" \/><figcaption class=\"wp-element-caption\"><em>Imagem: Adobe Stock<\/em><\/figcaption><\/figure>\n\n\n\n<h2 class=\"wp-block-heading\"><strong>Looks monocrom\u00e1ticos em suede<\/strong><\/h2>\n\n\n\n<p>Quando o assunto \u00e9 suede o visual monocrom\u00e1tico \u00e9 uma das apostas mais fortes para a temporada 2025. Conjuntos de cal\u00e7a e jaqueta, composi\u00e7\u00f5es com saia midi e colete, criam uma silhueta alongada e extremamente sofisticada. Al\u00e9m disso, usar o mesmo tom da cabe\u00e7a aos p\u00e9s garante um look harmonioso, atual e com bastante presen\u00e7a. Uma boa dica \u00e9 investir em tons de marrom queimado, vinho ou verde escuro que funcionam muito bem nessa proposta, e proporcionam um toque de eleg\u00e2ncia para as mais diversas ocasi\u00f5es.<\/p>\n\n\n\n<figure class=\"wp-block-image size-large\"><img loading=\"lazy\" decoding=\"async\" width=\"1024\" height=\"683\" src=\"https:\/\/www.interlagos.com.br\/blog\/wp-content\/uploads\/2025\/06\/Acessorios-em-suede-min-1024x683.jpeg\" alt=\"\" class=\"wp-image-4751\" srcset=\"https:\/\/www.interlagos.com.br\/blog\/wp-content\/uploads\/2025\/06\/Acessorios-em-suede-min-1024x683.jpeg 1024w, https:\/\/www.interlagos.com.br\/blog\/wp-content\/uploads\/2025\/06\/Acessorios-em-suede-min-300x200.jpeg 300w, https:\/\/www.interlagos.com.br\/blog\/wp-content\/uploads\/2025\/06\/Acessorios-em-suede-min-768x513.jpeg 768w, https:\/\/www.interlagos.com.br\/blog\/wp-content\/uploads\/2025\/06\/Acessorios-em-suede-min-1536x1025.jpeg 1536w, https:\/\/www.interlagos.com.br\/blog\/wp-content\/uploads\/2025\/06\/Acessorios-em-suede-min-2048x1367.jpeg 2048w, https:\/\/www.interlagos.com.br\/blog\/wp-content\/uploads\/2025\/06\/Acessorios-em-suede-min-1140x761.jpeg 1140w\" sizes=\"auto, (max-width: 1024px) 100vw, 1024px\" \/><figcaption class=\"wp-element-caption\"><em>Imagem: Adobe Stock<\/em><\/figcaption><\/figure>\n\n\n\n<h2 class=\"wp-block-heading\"><strong>Acess\u00f3rios em suede<\/strong><\/h2>\n\n\n\n<p>Os acess\u00f3rios fazem toda a diferen\u00e7a e tornam o look ainda mais especial. Pe\u00e7as em suede, como bolsas, cintos e chap\u00e9us, adicionam um toque de sofistica\u00e7\u00e3o sem pesar na produ\u00e7\u00e3o. Se voc\u00ea desejar um toque ainda mais fashionista, aposte nos modelos com franjas, bordados ou detalhes tran\u00e7ados que transformam o visual de forma pr\u00e1tica e, claro, com muito estilo.<\/p>\n\n\n\n<h2 class=\"wp-block-heading\"><strong>Botas de suede<\/strong><\/h2>\n\n\n\n<p>Outra pe\u00e7a que merece destaque neste Outono Inverno \u00e9 a bota de suede e suas muitas varia\u00e7\u00f5es. Se os modelos over-the-knee tem um look mais ousado, os coturnos robustos s\u00e3o perfeitos para os looks do dia. E para dar um toque a mais de modernidade, no seu visual, a dica \u00e9 investir em vers\u00f5es com acabamento metalizado ou em tons neutros, como areia, cinza ou verde oliva. Voc\u00ea vai adorar!<\/p>\n\n\n\n<figure class=\"wp-block-gallery has-nested-images columns-default is-cropped wp-block-gallery-1 is-layout-flex wp-block-gallery-is-layout-flex\">\n<figure class=\"wp-block-image size-large\"><img loading=\"lazy\" decoding=\"async\" width=\"1024\" height=\"768\" data-id=\"4752\" src=\"https:\/\/www.interlagos.com.br\/blog\/wp-content\/uploads\/2025\/06\/Tonalidades-em-alta-Suede-2-min-1024x768.jpeg\" alt=\"\" class=\"wp-image-4752\" srcset=\"https:\/\/www.interlagos.com.br\/blog\/wp-content\/uploads\/2025\/06\/Tonalidades-em-alta-Suede-2-min-1024x768.jpeg 1024w, https:\/\/www.interlagos.com.br\/blog\/wp-content\/uploads\/2025\/06\/Tonalidades-em-alta-Suede-2-min-300x225.jpeg 300w, https:\/\/www.interlagos.com.br\/blog\/wp-content\/uploads\/2025\/06\/Tonalidades-em-alta-Suede-2-min-768x576.jpeg 768w, https:\/\/www.interlagos.com.br\/blog\/wp-content\/uploads\/2025\/06\/Tonalidades-em-alta-Suede-2-min-1536x1152.jpeg 1536w, https:\/\/www.interlagos.com.br\/blog\/wp-content\/uploads\/2025\/06\/Tonalidades-em-alta-Suede-2-min-2048x1536.jpeg 2048w, https:\/\/www.interlagos.com.br\/blog\/wp-content\/uploads\/2025\/06\/Tonalidades-em-alta-Suede-2-min-1140x855.jpeg 1140w\" sizes=\"auto, (max-width: 1024px) 100vw, 1024px\" \/><figcaption class=\"wp-element-caption\"><em>Imagem: Adobe Stock<\/em><\/figcaption><\/figure>\n\n\n\n<figure class=\"wp-block-image size-large\"><img loading=\"lazy\" decoding=\"async\" width=\"683\" height=\"1024\" data-id=\"4753\" src=\"https:\/\/www.interlagos.com.br\/blog\/wp-content\/uploads\/2025\/06\/Tonalidades-em-alta-Suede-1-min-683x1024.jpeg\" alt=\"\" class=\"wp-image-4753\" srcset=\"https:\/\/www.interlagos.com.br\/blog\/wp-content\/uploads\/2025\/06\/Tonalidades-em-alta-Suede-1-min-683x1024.jpeg 683w, https:\/\/www.interlagos.com.br\/blog\/wp-content\/uploads\/2025\/06\/Tonalidades-em-alta-Suede-1-min-200x300.jpeg 200w, https:\/\/www.interlagos.com.br\/blog\/wp-content\/uploads\/2025\/06\/Tonalidades-em-alta-Suede-1-min-768x1152.jpeg 768w, https:\/\/www.interlagos.com.br\/blog\/wp-content\/uploads\/2025\/06\/Tonalidades-em-alta-Suede-1-min-1024x1536.jpeg 1024w, https:\/\/www.interlagos.com.br\/blog\/wp-content\/uploads\/2025\/06\/Tonalidades-em-alta-Suede-1-min-1365x2048.jpeg 1365w, https:\/\/www.interlagos.com.br\/blog\/wp-content\/uploads\/2025\/06\/Tonalidades-em-alta-Suede-1-min-1140x1710.jpeg 1140w, https:\/\/www.interlagos.com.br\/blog\/wp-content\/uploads\/2025\/06\/Tonalidades-em-alta-Suede-1-min-scaled.jpeg 1707w\" sizes=\"auto, (max-width: 683px) 100vw, 683px\" \/><figcaption class=\"wp-element-caption\"><em>Imagem: Adobe Stock<\/em><\/figcaption><\/figure>\n<\/figure>\n\n\n\n<h2 class=\"wp-block-heading\"><strong>Tonalidades em alta<\/strong><\/h2>\n\n\n\n<p>Os tons terrosos seguem firmes como os favoritos do outono inverno 2025, mas o suede aparece tamb\u00e9m em cores que fogem do \u00f3bvio. Por isso, vale apostar em combina\u00e7\u00f5es em tons de verde musgo, azul petr\u00f3leo e at\u00e9 mesmo um bord\u00f4 intenso. Essas tonalidades garantem um ar bem contempor\u00e2neo e ajudam a destacar ainda mais o visual, transmitindo eleg\u00e2ncia e sofistica\u00e7\u00e3o em todos os momentos.<\/p>\n\n\n\n<p>Curtiu essas inspira\u00e7\u00f5es? As melhores tend\u00eancias da moda, <a href=\"https:\/\/www.interlagos.com.br\/busca-lojas.php\">tudo o que voc\u00ea precisa para transformar o seu look o Shopping Interlagos tem para voc\u00ea<\/a>!<\/p>\n","protected":false},"excerpt":{"rendered":"<p>As pe\u00e7as em suede s\u00e3o uma das tend\u00eancias mais marcantes nesse outono inverno de 2025. Um tecido que lembra a camur\u00e7a, conhecido por seu toque macio e visual sofisticado, o suede \u00e9 vers\u00e1til, elegante e acolhedor, estando presente em uma grande variedade de roupas e acess\u00f3rios nesta temporada. Para te ajudar a incorporar essa tend\u00eancia de forma pr\u00e1tica e inspiradora, preparamos um guia completo com dicas e combina\u00e7\u00f5es imperd\u00edveis. Vem com a gente descobrir como o suede pode transformar o seu guarda-roupa com personalidade e muito charme! Looks monocrom\u00e1ticos em suede Quando o assunto \u00e9 suede o visual monocrom\u00e1tico \u00e9 uma das apostas mais fortes para a temporada 2025. Conjuntos de cal\u00e7a e jaqueta, composi\u00e7\u00f5es com saia midi e colete, criam uma silhueta alongada e extremamente sofisticada. Al\u00e9m disso, usar o mesmo tom da cabe\u00e7a aos p\u00e9s garante um look harmonioso, atual e com bastante presen\u00e7a. Uma boa dica \u00e9 investir em tons de marrom queimado, vinho ou verde escuro que funcionam muito bem nessa proposta, e proporcionam um toque de eleg\u00e2ncia para as mais diversas ocasi\u00f5es. Acess\u00f3rios em suede Os acess\u00f3rios fazem toda a diferen\u00e7a e tornam o look ainda mais especial. Pe\u00e7as em suede, como bolsas, cintos e chap\u00e9us, adicionam um toque de sofistica\u00e7\u00e3o sem pesar na produ\u00e7\u00e3o. Se voc\u00ea desejar um toque ainda mais fashionista, aposte nos modelos com franjas, bordados ou detalhes tran\u00e7ados que transformam o visual de forma pr\u00e1tica e, claro, com muito estilo. Botas de suede Outra pe\u00e7a que merece destaque neste Outono Inverno \u00e9 a bota de suede e suas muitas varia\u00e7\u00f5es. Se os modelos over-the-knee tem um look mais ousado, os coturnos robustos s\u00e3o perfeitos para os looks do dia. E para dar um toque a mais de modernidade, no seu visual, a dica \u00e9 investir em vers\u00f5es com acabamento metalizado ou em tons neutros, como areia, cinza ou verde oliva. Voc\u00ea vai adorar! Tonalidades em alta Os tons terrosos seguem firmes como os favoritos do outono inverno 2025, mas o suede aparece tamb\u00e9m em cores que fogem do \u00f3bvio. Por isso, vale apostar em combina\u00e7\u00f5es em tons de verde musgo, azul petr\u00f3leo e at\u00e9 mesmo um bord\u00f4 intenso. Essas tonalidades garantem um ar bem contempor\u00e2neo e ajudam a destacar ainda mais o visual, transmitindo eleg\u00e2ncia e sofistica\u00e7\u00e3o em todos os momentos. Curtiu essas inspira\u00e7\u00f5es? As melhores tend\u00eancias da moda, tudo o que voc\u00ea precisa para transformar o seu look o Shopping Interlagos tem para voc\u00ea!<\/p>\n","protected":false},"author":2,"featured_media":4726,"comment_status":"closed","ping_status":"closed","sticky":false,"template":"","format":"standard","meta":{"_monsterinsights_skip_tracking":false,"_monsterinsights_sitenote_active":false,"_monsterinsights_sitenote_note":"","_monsterinsights_sitenote_category":0,"footnotes":""},"categories":[49],"tags":[424,218,866,941,526,940,606],"class_list":["post-4721","post","type-post","status-publish","format-standard","has-post-thumbnail","hentry","category-moda-beleza","tag-acessorios","tag-botas","tag-dicas-de-looks","tag-looks-monocromaticos","tag-outono-inverno","tag-suede","tag-tendencias-da-moda"],"_links":{"self":[{"href":"https:\/\/www.interlagos.com.br\/blog\/wp-json\/wp\/v2\/posts\/4721","targetHints":{"allow":["GET"]}}],"collection":[{"href":"https:\/\/www.interlagos.com.br\/blog\/wp-json\/wp\/v2\/posts"}],"about":[{"href":"https:\/\/www.interlagos.com.br\/blog\/wp-json\/wp\/v2\/types\/post"}],"author":[{"embeddable":true,"href":"https:\/\/www.interlagos.com.br\/blog\/wp-json\/wp\/v2\/users\/2"}],"replies":[{"embeddable":true,"href":"https:\/\/www.interlagos.com.br\/blog\/wp-json\/wp\/v2\/comments?post=4721"}],"version-history":[{"count":2,"href":"https:\/\/www.interlagos.com.br\/blog\/wp-json\/wp\/v2\/posts\/4721\/revisions"}],"predecessor-version":[{"id":4754,"href":"https:\/\/www.interlagos.com.br\/blog\/wp-json\/wp\/v2\/posts\/4721\/revisions\/4754"}],"wp:featuredmedia":[{"embeddable":true,"href":"https:\/\/www.interlagos.com.br\/blog\/wp-json\/wp\/v2\/media\/4726"}],"wp:attachment":[{"href":"https:\/\/www.interlagos.com.br\/blog\/wp-json\/wp\/v2\/media?parent=4721"}],"wp:term":[{"taxonomy":"category","embeddable":true,"href":"https:\/\/www.interlagos.com.br\/blog\/wp-json\/wp\/v2\/categories?post=4721"},{"taxonomy":"post_tag","embeddable":true,"href":"https:\/\/www.interlagos.com.br\/blog\/wp-json\/wp\/v2\/tags?post=4721"}],"curies":[{"name":"wp","href":"https:\/\/api.w.org\/{rel}","templated":true}]}}