{"id":4646,"date":"2025-04-24T09:00:00","date_gmt":"2025-04-24T12:00:00","guid":{"rendered":"https:\/\/www.interlagos.com.br\/blog\/?p=4646"},"modified":"2025-06-18T08:29:29","modified_gmt":"2025-06-18T11:29:29","slug":"procedimentos-esteticos-para-renovar-os-cuidados-no-outono","status":"publish","type":"post","link":"https:\/\/www.interlagos.com.br\/blog\/2025\/04\/procedimentos-esteticos-para-renovar-os-cuidados-no-outono\/","title":{"rendered":"Procedimentos est\u00e9ticos para renovar os cuidados no outono"},"content":{"rendered":"\n<p>O outono chegou, e por ser uma esta\u00e7\u00e3o de transi\u00e7\u00e3o entre os meses mais quentes e frios do ano, traz temperaturas mais amenas e dias com menor intensidade de sol. Por conta disso, muitas pessoas aproveitam esse momento do ano para investir em procedimentos est\u00e9ticos, especialmente aqueles que necessitam de maior cuidado em rela\u00e7\u00e3o \u00e0 exposi\u00e7\u00e3o solar. \u00c9 uma forma de garantir melhores resultados e uma recupera\u00e7\u00e3o mais tranquila.<\/p>\n\n\n\n<p>Pensando nisso, separamos tr\u00eas dicas de procedimentos est\u00e9ticos para voc\u00ea aproveitar a nova esta\u00e7\u00e3o, renovar a autoestima e promover o autocuidado. Anote a\u00ed e inspire-se para uma esta\u00e7\u00e3o com mais bem-estar!<\/p>\n\n\n\n<figure class=\"wp-block-image size-large\"><img loading=\"lazy\" decoding=\"async\" width=\"1024\" height=\"683\" src=\"https:\/\/www.interlagos.com.br\/blog\/wp-content\/uploads\/2025\/04\/Depilacao-a-laser-min-1024x683.jpeg\" alt=\"\" class=\"wp-image-4647\" srcset=\"https:\/\/www.interlagos.com.br\/blog\/wp-content\/uploads\/2025\/04\/Depilacao-a-laser-min-1024x683.jpeg 1024w, https:\/\/www.interlagos.com.br\/blog\/wp-content\/uploads\/2025\/04\/Depilacao-a-laser-min-300x200.jpeg 300w, https:\/\/www.interlagos.com.br\/blog\/wp-content\/uploads\/2025\/04\/Depilacao-a-laser-min-768x513.jpeg 768w, https:\/\/www.interlagos.com.br\/blog\/wp-content\/uploads\/2025\/04\/Depilacao-a-laser-min-1536x1025.jpeg 1536w, https:\/\/www.interlagos.com.br\/blog\/wp-content\/uploads\/2025\/04\/Depilacao-a-laser-min-2048x1367.jpeg 2048w, https:\/\/www.interlagos.com.br\/blog\/wp-content\/uploads\/2025\/04\/Depilacao-a-laser-min-1140x761.jpeg 1140w\" sizes=\"auto, (max-width: 1024px) 100vw, 1024px\" \/><figcaption class=\"wp-element-caption\"><em>Imagem: Adobe Stock<\/em><\/figcaption><\/figure>\n\n\n\n<h2 class=\"wp-block-heading\"><strong>Depila\u00e7\u00e3o a Laser<\/strong><\/h2>\n\n\n\n<p>A depila\u00e7\u00e3o a laser \u00e9 um dos procedimentos mais procurados no outono, principalmente por quem deseja um resultado duradouro. Isso porque, durante o ver\u00e3o, a exposi\u00e7\u00e3o constante ao sol pode aumentar o risco de manchas e at\u00e9 complicar a efic\u00e1cia do tratamento.<\/p>\n\n\n\n<p>J\u00e1 no outono, a menor exposi\u00e7\u00e3o solar garante que os efeitos do laser minimizem o surgimento de queimaduras ou hiperpigmenta\u00e7\u00e3o.\u00a0 Como a pele est\u00e1 mais protegida voc\u00ea pode garantir resultados mais eficazes para o restante do ano. \u00c9 bom lembrar que o procedimento de depila\u00e7\u00e3o a laser age destruindo a raiz do pelo, o que resulta em uma pele mais lisa e sem pelos de forma permanente.<\/p>\n\n\n\n<figure class=\"wp-block-image size-large\"><img loading=\"lazy\" decoding=\"async\" width=\"1024\" height=\"683\" src=\"https:\/\/www.interlagos.com.br\/blog\/wp-content\/uploads\/2025\/04\/Tratamentos-para-manchas-no-Outono-min-1024x683.jpeg\" alt=\"\" class=\"wp-image-4650\" srcset=\"https:\/\/www.interlagos.com.br\/blog\/wp-content\/uploads\/2025\/04\/Tratamentos-para-manchas-no-Outono-min-1024x683.jpeg 1024w, https:\/\/www.interlagos.com.br\/blog\/wp-content\/uploads\/2025\/04\/Tratamentos-para-manchas-no-Outono-min-300x200.jpeg 300w, https:\/\/www.interlagos.com.br\/blog\/wp-content\/uploads\/2025\/04\/Tratamentos-para-manchas-no-Outono-min-768x512.jpeg 768w, https:\/\/www.interlagos.com.br\/blog\/wp-content\/uploads\/2025\/04\/Tratamentos-para-manchas-no-Outono-min-1536x1024.jpeg 1536w, https:\/\/www.interlagos.com.br\/blog\/wp-content\/uploads\/2025\/04\/Tratamentos-para-manchas-no-Outono-min-2048x1365.jpeg 2048w, https:\/\/www.interlagos.com.br\/blog\/wp-content\/uploads\/2025\/04\/Tratamentos-para-manchas-no-Outono-min-1140x760.jpeg 1140w\" sizes=\"auto, (max-width: 1024px) 100vw, 1024px\" \/><\/figure>\n\n\n\n<h2 class=\"wp-block-heading\"><strong>Tratamentos para manchas faciais e manchas<\/strong><\/h2>\n\n\n\n<p>O outono \u00e9 a \u00e9poca do ano preferida por quem deseja tratar manchas solares, como o melasma, que muitas vezes podem se intensificar com a exposi\u00e7\u00e3o excessiva ao sol durante o ver\u00e3o. Procedimentos como a fototerapia e o uso de cremes clareadores indicados por m\u00e9dicos dermatologistas, s\u00e3o as principais dicas para o tratamento de manchas nessa esta\u00e7\u00e3o, proporcionando uma pele mais uniforme e com apar\u00eancia rejuvenescida.<\/p>\n\n\n\n<figure class=\"wp-block-image size-large\"><img loading=\"lazy\" decoding=\"async\" width=\"1024\" height=\"683\" src=\"https:\/\/www.interlagos.com.br\/blog\/wp-content\/uploads\/2025\/04\/Aplicacao-de-botox-no-outono-min-min-1024x683.jpeg\" alt=\"\" class=\"wp-image-4648\" srcset=\"https:\/\/www.interlagos.com.br\/blog\/wp-content\/uploads\/2025\/04\/Aplicacao-de-botox-no-outono-min-min-1024x683.jpeg 1024w, https:\/\/www.interlagos.com.br\/blog\/wp-content\/uploads\/2025\/04\/Aplicacao-de-botox-no-outono-min-min-300x200.jpeg 300w, https:\/\/www.interlagos.com.br\/blog\/wp-content\/uploads\/2025\/04\/Aplicacao-de-botox-no-outono-min-min-768x512.jpeg 768w, https:\/\/www.interlagos.com.br\/blog\/wp-content\/uploads\/2025\/04\/Aplicacao-de-botox-no-outono-min-min-1536x1024.jpeg 1536w, https:\/\/www.interlagos.com.br\/blog\/wp-content\/uploads\/2025\/04\/Aplicacao-de-botox-no-outono-min-min-2048x1365.jpeg 2048w, https:\/\/www.interlagos.com.br\/blog\/wp-content\/uploads\/2025\/04\/Aplicacao-de-botox-no-outono-min-min-1140x760.jpeg 1140w\" sizes=\"auto, (max-width: 1024px) 100vw, 1024px\" \/><figcaption class=\"wp-element-caption\"><em>Imagem: Adobe Stock<\/em><\/figcaption><\/figure>\n\n\n\n<h2 class=\"wp-block-heading\"><strong>Botox e preenchimentos faciais<\/strong><\/h2>\n\n\n\n<p>O outono tamb\u00e9m \u00e9 uma boa \u00e9poca para quem deseja realizar procedimentos est\u00e9ticos como o botox, tamb\u00e9m conhecida como toxina botul\u00ednica, ou preenchimentos faciais. Esses procedimentos faciais s\u00e3o indicados especialmente para quem deseja suavizar linhas de express\u00e3o e recuperar volume facial, trazendo mais suavidade e rejuvenescimento. Com a nova esta\u00e7\u00e3o, com raios solares mais equilibrados, a recupera\u00e7\u00e3o torna-se mais tranquila, trazendo resultados incr\u00edveis e mais duradouros.<\/p>\n\n\n\n<figure class=\"wp-block-image size-large\"><img loading=\"lazy\" decoding=\"async\" width=\"1024\" height=\"683\" src=\"https:\/\/www.interlagos.com.br\/blog\/wp-content\/uploads\/2025\/04\/Protetor-solar-no-Outono-min-1024x683.jpeg\" alt=\"\" class=\"wp-image-4649\" srcset=\"https:\/\/www.interlagos.com.br\/blog\/wp-content\/uploads\/2025\/04\/Protetor-solar-no-Outono-min-1024x683.jpeg 1024w, https:\/\/www.interlagos.com.br\/blog\/wp-content\/uploads\/2025\/04\/Protetor-solar-no-Outono-min-300x200.jpeg 300w, https:\/\/www.interlagos.com.br\/blog\/wp-content\/uploads\/2025\/04\/Protetor-solar-no-Outono-min-768x512.jpeg 768w, https:\/\/www.interlagos.com.br\/blog\/wp-content\/uploads\/2025\/04\/Protetor-solar-no-Outono-min-1536x1024.jpeg 1536w, https:\/\/www.interlagos.com.br\/blog\/wp-content\/uploads\/2025\/04\/Protetor-solar-no-Outono-min-2048x1365.jpeg 2048w, https:\/\/www.interlagos.com.br\/blog\/wp-content\/uploads\/2025\/04\/Protetor-solar-no-Outono-min-1140x760.jpeg 1140w\" sizes=\"auto, (max-width: 1024px) 100vw, 1024px\" \/><figcaption class=\"wp-element-caption\"><em>Imagem: Adobe Stock<\/em><\/figcaption><\/figure>\n\n\n\n<p>Por fim, vai aqui a dica mais importante: antes de qualquer procedimento est\u00e9tico, \u00e9 essencial consultar um profissional especializado e seguir todas as orienta\u00e7\u00f5es de cuidados recomendados! E confira as credenciais do lugar e dos profissionais que v\u00e3o cuidar de voc\u00ea.<\/p>\n\n\n\n<p>Ah, n\u00e3o deixe de aplicar protetor solar, combinado? Mesmo com a menor intensidade do sol, isso \u00e9 fundamental para garantir uma pele protegida contra os efeitos da luz azul, os raios UVA\/UVB, al\u00e9m de prevenir o envelhecimento precoce.<\/p>\n\n\n\n<p>Aproveite e passe <a href=\"https:\/\/www.interlagos.com.br\/busca-lojas.php\">aqui no Shopping Interlagos<\/a>. Aqui voc\u00ea conta com cl\u00ednicas de depila\u00e7\u00e3o reconhecidas al\u00e9m de perfumarias, lojas de cosm\u00e9ticos e drogarias onde voc\u00ea encontra o que precisa para cuidar do rosto, corpo e cabelos, renovando seu bem-estar e sua autoestima! Esperamos por voc\u00ea!<\/p>\n","protected":false},"excerpt":{"rendered":"<p>O outono chegou, e por ser uma esta\u00e7\u00e3o de transi\u00e7\u00e3o entre os meses mais quentes e frios do ano, traz temperaturas mais amenas e dias com menor intensidade de sol. Por conta disso, muitas pessoas aproveitam esse momento do ano para investir em procedimentos est\u00e9ticos, especialmente aqueles que necessitam de maior cuidado em rela\u00e7\u00e3o \u00e0 exposi\u00e7\u00e3o solar. \u00c9 uma forma de garantir melhores resultados e uma recupera\u00e7\u00e3o mais tranquila. Pensando nisso, separamos tr\u00eas dicas de procedimentos est\u00e9ticos para voc\u00ea aproveitar a nova esta\u00e7\u00e3o, renovar a autoestima e promover o autocuidado. Anote a\u00ed e inspire-se para uma esta\u00e7\u00e3o com mais bem-estar! Depila\u00e7\u00e3o a Laser A depila\u00e7\u00e3o a laser \u00e9 um dos procedimentos mais procurados no outono, principalmente por quem deseja um resultado duradouro. Isso porque, durante o ver\u00e3o, a exposi\u00e7\u00e3o constante ao sol pode aumentar o risco de manchas e at\u00e9 complicar a efic\u00e1cia do tratamento. J\u00e1 no outono, a menor exposi\u00e7\u00e3o solar garante que os efeitos do laser minimizem o surgimento de queimaduras ou hiperpigmenta\u00e7\u00e3o.\u00a0 Como a pele est\u00e1 mais protegida voc\u00ea pode garantir resultados mais eficazes para o restante do ano. \u00c9 bom lembrar que o procedimento de depila\u00e7\u00e3o a laser age destruindo a raiz do pelo, o que resulta em uma pele mais lisa e sem pelos de forma permanente. Tratamentos para manchas faciais e manchas O outono \u00e9 a \u00e9poca do ano preferida por quem deseja tratar manchas solares, como o melasma, que muitas vezes podem se intensificar com a exposi\u00e7\u00e3o excessiva ao sol durante o ver\u00e3o. Procedimentos como a fototerapia e o uso de cremes clareadores indicados por m\u00e9dicos dermatologistas, s\u00e3o as principais dicas para o tratamento de manchas nessa esta\u00e7\u00e3o, proporcionando uma pele mais uniforme e com apar\u00eancia rejuvenescida. Botox e preenchimentos faciais O outono tamb\u00e9m \u00e9 uma boa \u00e9poca para quem deseja realizar procedimentos est\u00e9ticos como o botox, tamb\u00e9m conhecida como toxina botul\u00ednica, ou preenchimentos faciais. Esses procedimentos faciais s\u00e3o indicados especialmente para quem deseja suavizar linhas de express\u00e3o e recuperar volume facial, trazendo mais suavidade e rejuvenescimento. Com a nova esta\u00e7\u00e3o, com raios solares mais equilibrados, a recupera\u00e7\u00e3o torna-se mais tranquila, trazendo resultados incr\u00edveis e mais duradouros. Por fim, vai aqui a dica mais importante: antes de qualquer procedimento est\u00e9tico, \u00e9 essencial consultar um profissional especializado e seguir todas as orienta\u00e7\u00f5es de cuidados recomendados! E confira as credenciais do lugar e dos profissionais que v\u00e3o cuidar de voc\u00ea. Ah, n\u00e3o deixe de aplicar protetor solar, combinado? Mesmo com a menor intensidade do sol, isso \u00e9 fundamental para garantir uma pele protegida contra os efeitos da luz azul, os raios UVA\/UVB, al\u00e9m de prevenir o envelhecimento precoce. Aproveite e passe aqui no Shopping Interlagos. Aqui voc\u00ea conta com cl\u00ednicas de depila\u00e7\u00e3o reconhecidas al\u00e9m de perfumarias, lojas de cosm\u00e9ticos e drogarias onde voc\u00ea encontra o que precisa para cuidar do rosto, corpo e cabelos, renovando seu bem-estar e sua autoestima! Esperamos por voc\u00ea!<\/p>\n","protected":false},"author":2,"featured_media":4651,"comment_status":"closed","ping_status":"closed","sticky":false,"template":"","format":"standard","meta":{"_monsterinsights_skip_tracking":false,"_monsterinsights_sitenote_active":false,"_monsterinsights_sitenote_note":"","_monsterinsights_sitenote_category":0,"footnotes":""},"categories":[49],"tags":[910,83,88,913,908,307,911,909,907],"class_list":["post-4646","post","type-post","status-publish","format-standard","has-post-thumbnail","hentry","category-moda-beleza","tag-botox","tag-cuidados-com-a-pele","tag-depilacao-a-laser","tag-dicas-de-procedimentos-esteticos","tag-estetica-facial","tag-outono","tag-procedimento-estetico-para-o-corpo","tag-procedimento-estetico-para-o-rosto","tag-procedimentos-esteticos"],"_links":{"self":[{"href":"https:\/\/www.interlagos.com.br\/blog\/wp-json\/wp\/v2\/posts\/4646","targetHints":{"allow":["GET"]}}],"collection":[{"href":"https:\/\/www.interlagos.com.br\/blog\/wp-json\/wp\/v2\/posts"}],"about":[{"href":"https:\/\/www.interlagos.com.br\/blog\/wp-json\/wp\/v2\/types\/post"}],"author":[{"embeddable":true,"href":"https:\/\/www.interlagos.com.br\/blog\/wp-json\/wp\/v2\/users\/2"}],"replies":[{"embeddable":true,"href":"https:\/\/www.interlagos.com.br\/blog\/wp-json\/wp\/v2\/comments?post=4646"}],"version-history":[{"count":1,"href":"https:\/\/www.interlagos.com.br\/blog\/wp-json\/wp\/v2\/posts\/4646\/revisions"}],"predecessor-version":[{"id":4652,"href":"https:\/\/www.interlagos.com.br\/blog\/wp-json\/wp\/v2\/posts\/4646\/revisions\/4652"}],"wp:featuredmedia":[{"embeddable":true,"href":"https:\/\/www.interlagos.com.br\/blog\/wp-json\/wp\/v2\/media\/4651"}],"wp:attachment":[{"href":"https:\/\/www.interlagos.com.br\/blog\/wp-json\/wp\/v2\/media?parent=4646"}],"wp:term":[{"taxonomy":"category","embeddable":true,"href":"https:\/\/www.interlagos.com.br\/blog\/wp-json\/wp\/v2\/categories?post=4646"},{"taxonomy":"post_tag","embeddable":true,"href":"https:\/\/www.interlagos.com.br\/blog\/wp-json\/wp\/v2\/tags?post=4646"}],"curies":[{"name":"wp","href":"https:\/\/api.w.org\/{rel}","templated":true}]}}