{"id":4620,"date":"2025-04-03T09:00:00","date_gmt":"2025-04-03T12:00:00","guid":{"rendered":"https:\/\/www.interlagos.com.br\/blog\/?p=4620"},"modified":"2025-06-18T08:29:30","modified_gmt":"2025-06-18T11:29:30","slug":"outono-chic-pecas-para-unir-conforto-e-elegancia-na-nova-estacao","status":"publish","type":"post","link":"https:\/\/www.interlagos.com.br\/blog\/2025\/04\/outono-chic-pecas-para-unir-conforto-e-elegancia-na-nova-estacao\/","title":{"rendered":"Outono Chic: pe\u00e7as para unir conforto e eleg\u00e2ncia na nova esta\u00e7\u00e3o"},"content":{"rendered":"\n<p>Marcado por temperaturas mais amenas, dias de c\u00e9u alaranjado e clima agrad\u00e1vel, o outono \u00e9 a ocasi\u00e3o perfeita para renovar o visual. Em 2025, as principais tend\u00eancias agregam conforto e sofistica\u00e7\u00e3o, garantindo dias de eleg\u00e2ncia, estilo e versatilidade.<\/p>\n\n\n\n<p>O Outono Chic \u00e9 a tend\u00eancia que marca a chegada da esta\u00e7\u00e3o neste ano, trazendo pe\u00e7as que v\u00e3o do cl\u00e1ssico ao contempor\u00e2neo, em visuais repletos de personalidade e modernidade, oferecendo looks vers\u00e1teis que se adaptam a diversas ocasi\u00f5es.<\/p>\n\n\n\n<p>Que tal conferir mais detalhes dessa tend\u00eancia e se inspirar nas dicas que separamos para voc\u00ea ficar ainda mais chique e confort\u00e1vel na nova esta\u00e7\u00e3o? Vem com a gente, anote e prepare-se para dias de muito estilo!<\/p>\n\n\n\n<figure class=\"wp-block-image size-large\"><img loading=\"lazy\" decoding=\"async\" width=\"1024\" height=\"683\" src=\"https:\/\/www.interlagos.com.br\/blog\/wp-content\/uploads\/2025\/04\/Trench-Coat-Outono-Chic-min-1024x683.jpeg\" alt=\"\" class=\"wp-image-4626\" srcset=\"https:\/\/www.interlagos.com.br\/blog\/wp-content\/uploads\/2025\/04\/Trench-Coat-Outono-Chic-min-1024x683.jpeg 1024w, https:\/\/www.interlagos.com.br\/blog\/wp-content\/uploads\/2025\/04\/Trench-Coat-Outono-Chic-min-300x200.jpeg 300w, https:\/\/www.interlagos.com.br\/blog\/wp-content\/uploads\/2025\/04\/Trench-Coat-Outono-Chic-min-768x513.jpeg 768w, https:\/\/www.interlagos.com.br\/blog\/wp-content\/uploads\/2025\/04\/Trench-Coat-Outono-Chic-min-1536x1025.jpeg 1536w, https:\/\/www.interlagos.com.br\/blog\/wp-content\/uploads\/2025\/04\/Trench-Coat-Outono-Chic-min-2048x1367.jpeg 2048w, https:\/\/www.interlagos.com.br\/blog\/wp-content\/uploads\/2025\/04\/Trench-Coat-Outono-Chic-min-1140x761.jpeg 1140w\" sizes=\"auto, (max-width: 1024px) 100vw, 1024px\" \/><figcaption class=\"wp-element-caption\"><em>Imagem: Adobe Stock<\/em><\/figcaption><\/figure>\n\n\n\n<h2 class=\"wp-block-heading\"><strong>Trench Coat<\/strong><\/h2>\n\n\n\n<p><a href=\"https:\/\/www.interlagos.com.br\/blog\/2022\/07\/trench-coat-esta-de-volta-inspire-se-em-nossas-dicas\/\">O trench coat \u00e9 aquele cl\u00e1ssico que n\u00e3o pode faltar no Outono Chic<\/a>, principalmente por conta do toque de sofistica\u00e7\u00e3o que atribui ao visual. Por ser uma pe\u00e7a mais alongada, voc\u00ea pode combin\u00e1-la com cal\u00e7as de alfaiataria, jeans ou vestidos em modelagem reta, que, al\u00e9m de proporcionar equil\u00edbrio ao visual de forma elegante, tamb\u00e9m oferece conforto para o seu dia a dia.<\/p>\n\n\n\n<p>Al\u00e9m disso, voc\u00ea tamb\u00e9m pode incluir cintos finos, caso a pe\u00e7a n\u00e3o possua esse acess\u00f3rio, para trazer um visual mais acinturado e moderno, com muita sofistica\u00e7\u00e3o.<\/p>\n\n\n\n<figure class=\"wp-block-image size-large\"><img loading=\"lazy\" decoding=\"async\" width=\"1024\" height=\"683\" src=\"https:\/\/www.interlagos.com.br\/blog\/wp-content\/uploads\/2025\/04\/Sueter-de-mala-fina-Outono-Chic-min-1024x683.jpeg\" alt=\"\" class=\"wp-image-4627\" srcset=\"https:\/\/www.interlagos.com.br\/blog\/wp-content\/uploads\/2025\/04\/Sueter-de-mala-fina-Outono-Chic-min-1024x683.jpeg 1024w, https:\/\/www.interlagos.com.br\/blog\/wp-content\/uploads\/2025\/04\/Sueter-de-mala-fina-Outono-Chic-min-300x200.jpeg 300w, https:\/\/www.interlagos.com.br\/blog\/wp-content\/uploads\/2025\/04\/Sueter-de-mala-fina-Outono-Chic-min-768x512.jpeg 768w, https:\/\/www.interlagos.com.br\/blog\/wp-content\/uploads\/2025\/04\/Sueter-de-mala-fina-Outono-Chic-min-1536x1024.jpeg 1536w, https:\/\/www.interlagos.com.br\/blog\/wp-content\/uploads\/2025\/04\/Sueter-de-mala-fina-Outono-Chic-min-2048x1365.jpeg 2048w, https:\/\/www.interlagos.com.br\/blog\/wp-content\/uploads\/2025\/04\/Sueter-de-mala-fina-Outono-Chic-min-1140x760.jpeg 1140w\" sizes=\"auto, (max-width: 1024px) 100vw, 1024px\" \/><figcaption class=\"wp-element-caption\"><em>Imagem: Adobe Stock<\/em><\/figcaption><\/figure>\n\n\n\n<h2 class=\"wp-block-heading\"><strong>Su\u00e9ter de malha fina<\/strong><\/h2>\n\n\n\n<p>Sabe aqueles dias de outono em que a temperatura varia entre o frio e um calorzinho mais confort\u00e1vel? Para esses momentos, os su\u00e9teres de malha fina s\u00e3o a escolha ideal para quem deseja uma pe\u00e7a superconfort\u00e1vel e que pode ser usada nas mais diversas ocasi\u00f5es. Al\u00e9m de trazer a ess\u00eancia do Outono Chic, seja em combina\u00e7\u00f5es com o despojado jeans ou com pe\u00e7as de alfaiataria, voc\u00ea garante um look elegante e pr\u00e1tico.<\/p>\n\n\n\n<p>Voc\u00ea tamb\u00e9m pode apostar em acess\u00f3rios como colares dourados, com detalhes em p\u00e9rolas pequenas, brincos em pedrarias coloridas para adicionar um toque de brilho em seu dia a dia!<\/p>\n\n\n\n<h2 class=\"wp-block-heading\"><strong>Vestidos Midi<\/strong><\/h2>\n\n\n\n<p>Seja para os momentos em que voc\u00ea precisa de um visual mais formal ou para os passeios com a fam\u00edlia ou amigos, o vestido midi, cujo comprimento varia entre a altura do joelho e o tornozelo, \u00e9 uma pe\u00e7a atemporal que traz conforto, eleg\u00e2ncia e versatilidade n\u00e3o s\u00f3 no outono, mas em todos os momentos do ano.<\/p>\n\n\n\n<figure class=\"wp-block-gallery has-nested-images columns-default is-cropped wp-block-gallery-1 is-layout-flex wp-block-gallery-is-layout-flex\">\n<figure class=\"wp-block-image size-large\"><img loading=\"lazy\" decoding=\"async\" width=\"683\" height=\"1024\" data-id=\"4628\" src=\"https:\/\/www.interlagos.com.br\/blog\/wp-content\/uploads\/2025\/04\/Vestido-Midi-Outono-1-min-683x1024.jpg\" alt=\"\" class=\"wp-image-4628\" srcset=\"https:\/\/www.interlagos.com.br\/blog\/wp-content\/uploads\/2025\/04\/Vestido-Midi-Outono-1-min-683x1024.jpg 683w, https:\/\/www.interlagos.com.br\/blog\/wp-content\/uploads\/2025\/04\/Vestido-Midi-Outono-1-min-200x300.jpg 200w, https:\/\/www.interlagos.com.br\/blog\/wp-content\/uploads\/2025\/04\/Vestido-Midi-Outono-1-min.jpg 740w\" sizes=\"auto, (max-width: 683px) 100vw, 683px\" \/><figcaption class=\"wp-element-caption\"><em>Imagem: Adobe Stock<\/em><\/figcaption><\/figure>\n\n\n\n<figure class=\"wp-block-image size-large\"><img loading=\"lazy\" decoding=\"async\" width=\"683\" height=\"1024\" data-id=\"4629\" src=\"https:\/\/www.interlagos.com.br\/blog\/wp-content\/uploads\/2025\/04\/Vestido-Midi-Outono-2-min-683x1024.jpg\" alt=\"\" class=\"wp-image-4629\" srcset=\"https:\/\/www.interlagos.com.br\/blog\/wp-content\/uploads\/2025\/04\/Vestido-Midi-Outono-2-min-683x1024.jpg 683w, https:\/\/www.interlagos.com.br\/blog\/wp-content\/uploads\/2025\/04\/Vestido-Midi-Outono-2-min-200x300.jpg 200w, https:\/\/www.interlagos.com.br\/blog\/wp-content\/uploads\/2025\/04\/Vestido-Midi-Outono-2-min.jpg 740w\" sizes=\"auto, (max-width: 683px) 100vw, 683px\" \/><figcaption class=\"wp-element-caption\"><em>Imagem: Adobe Stock<\/em><\/figcaption><\/figure>\n<\/figure>\n\n\n\n<p>Mas como o assunto \u00e9 outono, os vestidos m\u00eddi chegam esse ano com tecidos mais encorpados, como veludo ou l\u00e3, trazendo charme e conforto t\u00e9rmico nos dias mais amenos. Voc\u00ea pode combin\u00e1-los com botas de cano m\u00e9dio ou alto e blazers alongados para eventos mais sofisticados. J\u00e1 para compromissos mais informais, a dica \u00e9 apostar no t\u00eanis casual ou botas de cano curto e salto grosso, trazendo esse ar de casualidade ao look, sem perder o glamour.<\/p>\n\n\n\n<figure class=\"wp-block-image size-large\"><img loading=\"lazy\" decoding=\"async\" width=\"1024\" height=\"717\" src=\"https:\/\/www.interlagos.com.br\/blog\/wp-content\/uploads\/2025\/04\/Calca-Relaxed-Outono-Chic-min-1024x717.jpeg\" alt=\"\" class=\"wp-image-4630\" srcset=\"https:\/\/www.interlagos.com.br\/blog\/wp-content\/uploads\/2025\/04\/Calca-Relaxed-Outono-Chic-min-1024x717.jpeg 1024w, https:\/\/www.interlagos.com.br\/blog\/wp-content\/uploads\/2025\/04\/Calca-Relaxed-Outono-Chic-min-300x210.jpeg 300w, https:\/\/www.interlagos.com.br\/blog\/wp-content\/uploads\/2025\/04\/Calca-Relaxed-Outono-Chic-min-768x538.jpeg 768w, https:\/\/www.interlagos.com.br\/blog\/wp-content\/uploads\/2025\/04\/Calca-Relaxed-Outono-Chic-min-1536x1075.jpeg 1536w, https:\/\/www.interlagos.com.br\/blog\/wp-content\/uploads\/2025\/04\/Calca-Relaxed-Outono-Chic-min-2048x1434.jpeg 2048w, https:\/\/www.interlagos.com.br\/blog\/wp-content\/uploads\/2025\/04\/Calca-Relaxed-Outono-Chic-min-1140x798.jpeg 1140w\" sizes=\"auto, (max-width: 1024px) 100vw, 1024px\" \/><figcaption class=\"wp-element-caption\"><em>Imagem: Adobe Stock<\/em><\/figcaption><\/figure>\n\n\n\n<h2 class=\"wp-block-heading\"><strong>Cal\u00e7as Relaxed<\/strong><\/h2>\n\n\n\n<p>As cal\u00e7as relaxed s\u00e3o modelos mais largos e que se adaptam ao corpo de forma confort\u00e1vel, proporcionando liberdade de movimento e um visual repleto de estilo. Al\u00e9m da versatilidade, elas proporcionam eleg\u00e2ncia, alongam a silhueta e oferecem diversas possibilidades de combina\u00e7\u00e3o.<\/p>\n\n\n\n<p>Para tornar seu outono ainda mais estiloso, voc\u00ea pode combin\u00e1-las com camisas de manga longa confeccionadas em tecidos leves, ou su\u00e9teres de tric\u00f4 mais soltinhos ao corpo. Para finalizar a produ\u00e7\u00e3o, aposte em t\u00eanis brancos, mocassins, botas de salto quadrado ou tratorado, e acess\u00f3rios minimalistas. Voc\u00ea vai adorar o resultado!<\/p>\n\n\n\n<p>Curtiu as nossas dicas?<a href=\"https:\/\/www.interlagos.com.br\/busca-lojas.php\"> Aproveite e d\u00ea um pulo nas lojas do Shopping Interlagos<\/a>. Aqui, voc\u00ea encontra tudo o que precisa para celebrar o Outono Chic com conforto e sofistica\u00e7\u00e3o, e, \u00e9 claro, com muito bom gosto! Corre para c\u00e1 e venha conferir!<\/p>\n","protected":false},"excerpt":{"rendered":"<p>Marcado por temperaturas mais amenas, dias de c\u00e9u alaranjado e clima agrad\u00e1vel, o outono \u00e9 a ocasi\u00e3o perfeita para renovar o visual. Em 2025, as principais tend\u00eancias agregam conforto e sofistica\u00e7\u00e3o, garantindo dias de eleg\u00e2ncia, estilo e versatilidade. O Outono Chic \u00e9 a tend\u00eancia que marca a chegada da esta\u00e7\u00e3o neste ano, trazendo pe\u00e7as que v\u00e3o do cl\u00e1ssico ao contempor\u00e2neo, em visuais repletos de personalidade e modernidade, oferecendo looks vers\u00e1teis que se adaptam a diversas ocasi\u00f5es. Que tal conferir mais detalhes dessa tend\u00eancia e se inspirar nas dicas que separamos para voc\u00ea ficar ainda mais chique e confort\u00e1vel na nova esta\u00e7\u00e3o? Vem com a gente, anote e prepare-se para dias de muito estilo! Trench Coat O trench coat \u00e9 aquele cl\u00e1ssico que n\u00e3o pode faltar no Outono Chic, principalmente por conta do toque de sofistica\u00e7\u00e3o que atribui ao visual. Por ser uma pe\u00e7a mais alongada, voc\u00ea pode combin\u00e1-la com cal\u00e7as de alfaiataria, jeans ou vestidos em modelagem reta, que, al\u00e9m de proporcionar equil\u00edbrio ao visual de forma elegante, tamb\u00e9m oferece conforto para o seu dia a dia. Al\u00e9m disso, voc\u00ea tamb\u00e9m pode incluir cintos finos, caso a pe\u00e7a n\u00e3o possua esse acess\u00f3rio, para trazer um visual mais acinturado e moderno, com muita sofistica\u00e7\u00e3o. Su\u00e9ter de malha fina Sabe aqueles dias de outono em que a temperatura varia entre o frio e um calorzinho mais confort\u00e1vel? Para esses momentos, os su\u00e9teres de malha fina s\u00e3o a escolha ideal para quem deseja uma pe\u00e7a superconfort\u00e1vel e que pode ser usada nas mais diversas ocasi\u00f5es. Al\u00e9m de trazer a ess\u00eancia do Outono Chic, seja em combina\u00e7\u00f5es com o despojado jeans ou com pe\u00e7as de alfaiataria, voc\u00ea garante um look elegante e pr\u00e1tico. Voc\u00ea tamb\u00e9m pode apostar em acess\u00f3rios como colares dourados, com detalhes em p\u00e9rolas pequenas, brincos em pedrarias coloridas para adicionar um toque de brilho em seu dia a dia! Vestidos Midi Seja para os momentos em que voc\u00ea precisa de um visual mais formal ou para os passeios com a fam\u00edlia ou amigos, o vestido midi, cujo comprimento varia entre a altura do joelho e o tornozelo, \u00e9 uma pe\u00e7a atemporal que traz conforto, eleg\u00e2ncia e versatilidade n\u00e3o s\u00f3 no outono, mas em todos os momentos do ano. Mas como o assunto \u00e9 outono, os vestidos m\u00eddi chegam esse ano com tecidos mais encorpados, como veludo ou l\u00e3, trazendo charme e conforto t\u00e9rmico nos dias mais amenos. Voc\u00ea pode combin\u00e1-los com botas de cano m\u00e9dio ou alto e blazers alongados para eventos mais sofisticados. J\u00e1 para compromissos mais informais, a dica \u00e9 apostar no t\u00eanis casual ou botas de cano curto e salto grosso, trazendo esse ar de casualidade ao look, sem perder o glamour. Cal\u00e7as Relaxed As cal\u00e7as relaxed s\u00e3o modelos mais largos e que se adaptam ao corpo de forma confort\u00e1vel, proporcionando liberdade de movimento e um visual repleto de estilo. Al\u00e9m da versatilidade, elas proporcionam eleg\u00e2ncia, alongam a silhueta e oferecem diversas possibilidades de combina\u00e7\u00e3o. Para tornar seu outono ainda mais estiloso, voc\u00ea pode combin\u00e1-las com camisas de manga longa confeccionadas em tecidos leves, ou su\u00e9teres de tric\u00f4 mais soltinhos ao corpo. Para finalizar a produ\u00e7\u00e3o, aposte em t\u00eanis brancos, mocassins, botas de salto quadrado ou tratorado, e acess\u00f3rios minimalistas. Voc\u00ea vai adorar o resultado! Curtiu as nossas dicas? Aproveite e d\u00ea um pulo nas lojas do Shopping Interlagos. Aqui, voc\u00ea encontra tudo o que precisa para celebrar o Outono Chic com conforto e sofistica\u00e7\u00e3o, e, \u00e9 claro, com muito bom gosto! Corre para c\u00e1 e venha conferir!<\/p>\n","protected":false},"author":2,"featured_media":4631,"comment_status":"closed","ping_status":"closed","sticky":false,"template":"","format":"standard","meta":{"_monsterinsights_skip_tracking":false,"_monsterinsights_sitenote_active":false,"_monsterinsights_sitenote_note":"","_monsterinsights_sitenote_category":0,"footnotes":""},"categories":[49],"tags":[231,894,900,307,897,526,895,898,607,896,364,899],"class_list":["post-4620","post","type-post","status-publish","format-standard","has-post-thumbnail","hentry","category-moda-beleza","tag-conforto","tag-dicas-de-pecas","tag-looks-de-outono","tag-outono","tag-outono-chic","tag-outono-inverno","tag-sofisticacao","tag-sueter","tag-tecidos-leves","tag-tendencias-de-outono","tag-trench-coat","tag-vestido-midi"],"_links":{"self":[{"href":"https:\/\/www.interlagos.com.br\/blog\/wp-json\/wp\/v2\/posts\/4620","targetHints":{"allow":["GET"]}}],"collection":[{"href":"https:\/\/www.interlagos.com.br\/blog\/wp-json\/wp\/v2\/posts"}],"about":[{"href":"https:\/\/www.interlagos.com.br\/blog\/wp-json\/wp\/v2\/types\/post"}],"author":[{"embeddable":true,"href":"https:\/\/www.interlagos.com.br\/blog\/wp-json\/wp\/v2\/users\/2"}],"replies":[{"embeddable":true,"href":"https:\/\/www.interlagos.com.br\/blog\/wp-json\/wp\/v2\/comments?post=4620"}],"version-history":[{"count":2,"href":"https:\/\/www.interlagos.com.br\/blog\/wp-json\/wp\/v2\/posts\/4620\/revisions"}],"predecessor-version":[{"id":4633,"href":"https:\/\/www.interlagos.com.br\/blog\/wp-json\/wp\/v2\/posts\/4620\/revisions\/4633"}],"wp:featuredmedia":[{"embeddable":true,"href":"https:\/\/www.interlagos.com.br\/blog\/wp-json\/wp\/v2\/media\/4631"}],"wp:attachment":[{"href":"https:\/\/www.interlagos.com.br\/blog\/wp-json\/wp\/v2\/media?parent=4620"}],"wp:term":[{"taxonomy":"category","embeddable":true,"href":"https:\/\/www.interlagos.com.br\/blog\/wp-json\/wp\/v2\/categories?post=4620"},{"taxonomy":"post_tag","embeddable":true,"href":"https:\/\/www.interlagos.com.br\/blog\/wp-json\/wp\/v2\/tags?post=4620"}],"curies":[{"name":"wp","href":"https:\/\/api.w.org\/{rel}","templated":true}]}}