{"id":4215,"date":"2024-08-08T09:00:00","date_gmt":"2024-08-08T12:00:00","guid":{"rendered":"https:\/\/www.interlagos.com.br\/blog\/?p=4215"},"modified":"2025-06-18T08:29:34","modified_gmt":"2025-06-18T11:29:34","slug":"dia-dos-pais-receitas-faceis-para-comemorar-com-um-brunch-especial","status":"publish","type":"post","link":"https:\/\/www.interlagos.com.br\/blog\/2024\/08\/dia-dos-pais-receitas-faceis-para-comemorar-com-um-brunch-especial\/","title":{"rendered":"Dia dos Pais: receitas f\u00e1ceis para comemorar com um brunch especial"},"content":{"rendered":"\n<p>O Dia dos Pais est\u00e1 chegando e que tal fazer uma surpresa para eles logo de manh\u00e3zinha? Preparar um brunch bem gostoso, por exemplo, \u00e9 uma \u00f3tima pedida.<\/p>\n\n\n\n<p>O brunch \u00e9 uma tradi\u00e7\u00e3o brit\u00e2nica que surgiu no s\u00e9culo XIX e se popularizou em todo o mundo. Conceitualmente, \u00e9 a uni\u00e3o do caf\u00e9 da manh\u00e3 e do almo\u00e7o, j\u00e1 que foi criado justamente para atender \u00e0s pessoas que acordavam tarde ap\u00f3s curtir as noites inglesas e mesmo assim gostariam de contar com os benef\u00edcios de se alimentar bem na primeira refei\u00e7\u00e3o. No Brasil, o brunch se tornou comum nos finais de semana e feriados permitindo combina\u00e7\u00f5es incr\u00edveis de sabores e receitas, tanto salgadas quanto doces.<\/p>\n\n\n\n<p>Uma boa ideia para festejar esse Dia dos Pais, n\u00e3o \u00e9 mesmo? Para te ajudar a preparar um brunch especial, separamos aqui algumas receitas f\u00e1ceis de fazer. Ent\u00e3o, anota a\u00ed e m\u00e3o na massa! E voc\u00ea ainda pode acrescentar uma cesta de p\u00e3es, frios e frutas para tornar o momento ainda mais saboroso. &nbsp;Os papais n\u00e3o v\u00e3o resistir!<\/p>\n\n\n\n<h2 class=\"wp-block-heading\"><strong>Torrada com Ovos Cremosos e Salame<\/strong><\/h2>\n\n\n\n<figure class=\"wp-block-image size-large\"><img loading=\"lazy\" decoding=\"async\" width=\"1024\" height=\"1024\" src=\"https:\/\/www.interlagos.com.br\/blog\/wp-content\/uploads\/2024\/07\/Torradas-com-Ovos-Cremosos-e-Salame-1024x1024.jpg\" alt=\"\" class=\"wp-image-4219\" srcset=\"https:\/\/www.interlagos.com.br\/blog\/wp-content\/uploads\/2024\/07\/Torradas-com-Ovos-Cremosos-e-Salame-1024x1024.jpg 1024w, https:\/\/www.interlagos.com.br\/blog\/wp-content\/uploads\/2024\/07\/Torradas-com-Ovos-Cremosos-e-Salame-300x300.jpg 300w, https:\/\/www.interlagos.com.br\/blog\/wp-content\/uploads\/2024\/07\/Torradas-com-Ovos-Cremosos-e-Salame-150x150.jpg 150w, https:\/\/www.interlagos.com.br\/blog\/wp-content\/uploads\/2024\/07\/Torradas-com-Ovos-Cremosos-e-Salame-768x768.jpg 768w, https:\/\/www.interlagos.com.br\/blog\/wp-content\/uploads\/2024\/07\/Torradas-com-Ovos-Cremosos-e-Salame-1536x1536.jpg 1536w, https:\/\/www.interlagos.com.br\/blog\/wp-content\/uploads\/2024\/07\/Torradas-com-Ovos-Cremosos-e-Salame-2048x2048.jpg 2048w, https:\/\/www.interlagos.com.br\/blog\/wp-content\/uploads\/2024\/07\/Torradas-com-Ovos-Cremosos-e-Salame-1140x1140.jpg 1140w, https:\/\/www.interlagos.com.br\/blog\/wp-content\/uploads\/2024\/07\/Torradas-com-Ovos-Cremosos-e-Salame-75x75.jpg 75w\" sizes=\"auto, (max-width: 1024px) 100vw, 1024px\" \/><\/figure>\n\n\n\n<p><strong>Ingredientes<\/strong><\/p>\n\n\n\n<ul class=\"wp-block-list\">\n<li>2 ovos<\/li>\n\n\n\n<li>\u00bc de x\u00edcara (ch\u00e1) de creme de leite fresco<\/li>\n\n\n\n<li>1 colher (ch\u00e1) de manteiga<\/li>\n\n\n\n<li>1 colher (sopa) de cebolinha picada<\/li>\n\n\n\n<li>Sal a gosto<\/li>\n\n\n\n<li>Torrada Tradicional<\/li>\n\n\n\n<li>Salame fatiado<\/li>\n<\/ul>\n\n\n\n<p><strong>Modo de Preparo<\/strong><\/p>\n\n\n\n<ol class=\"wp-block-list\" type=\"1\">\n<li>Em uma tigela, bata os ovos e o creme de leite fresco com o aux\u00edlio de um garfo ou um batedor de arame at\u00e9 espumar levemente e reserve.<\/li>\n\n\n\n<li>Derreta a manteiga em uma frigideira antiaderente em fogo baixo.<\/li>\n\n\n\n<li>Adicione os ovos batidos mexendo sempre, at\u00e9 cozinhar, sem deixar que sequem completamente.<\/li>\n\n\n\n<li>Desligue o fogo, tempere com sal e salpique a cebolinha.<\/li>\n\n\n\n<li>Sirva os ovos, acompanhados do salame, sobre as torradas.<\/li>\n<\/ol>\n\n\n\n<h2 class=\"wp-block-heading\"><strong>Quiche de Legumes<\/strong><\/h2>\n\n\n\n<figure class=\"wp-block-image size-large\"><img loading=\"lazy\" decoding=\"async\" width=\"1024\" height=\"712\" src=\"https:\/\/www.interlagos.com.br\/blog\/wp-content\/uploads\/2024\/07\/Quiche-Leve-de-Cream-Craker-e-Legumes-1024x712.jpg\" alt=\"\" class=\"wp-image-4217\" srcset=\"https:\/\/www.interlagos.com.br\/blog\/wp-content\/uploads\/2024\/07\/Quiche-Leve-de-Cream-Craker-e-Legumes-1024x712.jpg 1024w, https:\/\/www.interlagos.com.br\/blog\/wp-content\/uploads\/2024\/07\/Quiche-Leve-de-Cream-Craker-e-Legumes-300x209.jpg 300w, https:\/\/www.interlagos.com.br\/blog\/wp-content\/uploads\/2024\/07\/Quiche-Leve-de-Cream-Craker-e-Legumes-768x534.jpg 768w, https:\/\/www.interlagos.com.br\/blog\/wp-content\/uploads\/2024\/07\/Quiche-Leve-de-Cream-Craker-e-Legumes-1536x1068.jpg 1536w, https:\/\/www.interlagos.com.br\/blog\/wp-content\/uploads\/2024\/07\/Quiche-Leve-de-Cream-Craker-e-Legumes-2048x1424.jpg 2048w, https:\/\/www.interlagos.com.br\/blog\/wp-content\/uploads\/2024\/07\/Quiche-Leve-de-Cream-Craker-e-Legumes-1140x792.jpg 1140w\" sizes=\"auto, (max-width: 1024px) 100vw, 1024px\" \/><\/figure>\n\n\n\n<p><strong>Ingredientes:<\/strong><\/p>\n\n\n\n<p><strong>Para o recheio<\/strong><\/p>\n\n\n\n<ul class=\"wp-block-list\">\n<li>2 colheres (sopa) de azeite<\/li>\n\n\n\n<li>2 dentes de alho picados<\/li>\n\n\n\n<li>1 cebola pequena picada<\/li>\n\n\n\n<li>1 alho-por\u00f3 em rodelas<\/li>\n\n\n\n<li>1 lata de milho verde em conserva, escorrido<\/li>\n\n\n\n<li>1 abobrinha italiana pequena, ralada grossa<\/li>\n\n\n\n<li>Sal \u00e0 gosto<\/li>\n<\/ul>\n\n\n\n<p><strong>Para a massa<\/strong><\/p>\n\n\n\n<ul class=\"wp-block-list\">\n<li>400 g de biscoito cream cracker<\/li>\n\n\n\n<li>\u00be x\u00edcara (ch\u00e1) de leite<\/li>\n\n\n\n<li>2 colheres (sopa) de azeite<\/li>\n<\/ul>\n\n\n\n<p><strong>Para a montagem<\/strong><\/p>\n\n\n\n<ul class=\"wp-block-list\">\n<li>250 g de creme de ricota<\/li>\n\n\n\n<li>3 ovos<\/li>\n\n\n\n<li>Sal e noz-moscada mo\u00edda na hora, a gosto<\/li>\n<\/ul>\n\n\n\n<p><strong>Modo de Preparo:<\/strong><\/p>\n\n\n\n<p><strong>Recheio:<\/strong><\/p>\n\n\n\n<ol class=\"wp-block-list\" type=\"1\">\n<li>Em uma frigideira, aque\u00e7a o azeite, refogue o alho, a cebola e o alho-por\u00f3.<\/li>\n\n\n\n<li>Acrescente o milho, a abobrinha e refogue mais um pouco. Tempere com o sal, misture e desligue o fogo.<\/li>\n<\/ol>\n\n\n\n<p><strong>Massa<\/strong><\/p>\n\n\n\n<ol class=\"wp-block-list\" type=\"1\">\n<li>No processador ou liquidificador, triture o biscoito cream cracker acrescentando o leite e o azeite para obter uma mistura granulada. Acomode essa mistura em uma forma redonda (26 cm de di\u00e2metro x 4 cm de altura), de fundo falso, levemente untada. Pressione com as m\u00e3os para forrar todo o fundo e lateral da forma. Reserve.<\/li>\n\n\n\n<li>No liquidificador, coloque o creme de ricota junto com os ovos, o sal e a pimenta. Bata bem para obter um creme homog\u00eaneo.<\/li>\n\n\n\n<li>Ligue o forno em temperatura m\u00e9dia (180 \u00b0C \u2013 200 \u00b0C) para pr\u00e9-aquecer por 10 minutos. Enquanto isso, monte a quiche: sobre a massa, distribua o refogado de legumes e, por cima, despeje o creme.<\/li>\n\n\n\n<li>Leve ao forno para assar por cerca de 20 minutos.<\/li>\n<\/ol>\n\n\n\n<h2 class=\"wp-block-heading\"><strong>Strudel de Abacaxi com Nozes<\/strong><\/h2>\n\n\n\n<figure class=\"wp-block-image size-large\"><img loading=\"lazy\" decoding=\"async\" width=\"1024\" height=\"681\" src=\"https:\/\/www.interlagos.com.br\/blog\/wp-content\/uploads\/2024\/07\/Strudel-de-Abacaxi-com-Nozes-1024x681.jpg\" alt=\"\" class=\"wp-image-4218\" srcset=\"https:\/\/www.interlagos.com.br\/blog\/wp-content\/uploads\/2024\/07\/Strudel-de-Abacaxi-com-Nozes-1024x681.jpg 1024w, https:\/\/www.interlagos.com.br\/blog\/wp-content\/uploads\/2024\/07\/Strudel-de-Abacaxi-com-Nozes-300x199.jpg 300w, https:\/\/www.interlagos.com.br\/blog\/wp-content\/uploads\/2024\/07\/Strudel-de-Abacaxi-com-Nozes-768x510.jpg 768w, https:\/\/www.interlagos.com.br\/blog\/wp-content\/uploads\/2024\/07\/Strudel-de-Abacaxi-com-Nozes-1536x1021.jpg 1536w, https:\/\/www.interlagos.com.br\/blog\/wp-content\/uploads\/2024\/07\/Strudel-de-Abacaxi-com-Nozes-2048x1361.jpg 2048w, https:\/\/www.interlagos.com.br\/blog\/wp-content\/uploads\/2024\/07\/Strudel-de-Abacaxi-com-Nozes-1140x758.jpg 1140w\" sizes=\"auto, (max-width: 1024px) 100vw, 1024px\" \/><\/figure>\n\n\n\n<p><strong>Ingredientes:<\/strong><\/p>\n\n\n\n<p><strong>Massa:<\/strong><\/p>\n\n\n\n<ul class=\"wp-block-list\">\n<li>1\/2 embalagem de biscoito cream cracker<\/li>\n\n\n\n<li>150g de farinha de trigo<\/li>\n\n\n\n<li>2 ovos<\/li>\n\n\n\n<li>100g de manteiga sem sal<\/li>\n\n\n\n<li>2 gemas para pincelar<\/li>\n<\/ul>\n\n\n\n<p><strong>Recheio:<\/strong><\/p>\n\n\n\n<ul class=\"wp-block-list\">\n<li>1 kg de abacaxi, em cubos<\/li>\n\n\n\n<li>400 g de a\u00e7\u00facar<\/li>\n\n\n\n<li>200 g de uvas passas brancas<\/li>\n<\/ul>\n\n\n\n<p><strong>Para Montagem:<\/strong><\/p>\n\n\n\n<ul class=\"wp-block-list\">\n<li>350g de nozes, picadas<\/li>\n\n\n\n<li>3 colheres (ch\u00e1) de a\u00e7\u00facar<\/li>\n\n\n\n<li>2 colheres (ch\u00e1) de canela em p\u00f3<\/li>\n\n\n\n<li>150 g de manteiga sem sal<\/li>\n<\/ul>\n\n\n\n<p><strong>Para decorar:<\/strong><\/p>\n\n\n\n<ul class=\"wp-block-list\">\n<li>10 g de a\u00e7\u00facar de confeiteiro<\/li>\n\n\n\n<li>30 g de nozes<\/li>\n\n\n\n<li>20 g de uvas passas brancas<\/li>\n<\/ul>\n\n\n\n<p><strong>Para acompanhar:<\/strong><\/p>\n\n\n\n<ul class=\"wp-block-list\">\n<li>Sorvete de creme<\/li>\n<\/ul>\n\n\n\n<p><strong>Modo de Preparo:<\/strong><\/p>\n\n\n\n<p><strong>Prepare a massa:<\/strong><\/p>\n\n\n\n<ol class=\"wp-block-list\" type=\"1\">\n<li>Leve ao processador o biscoito cream cracker e bata at\u00e9 obter uma farofa fina.<\/li>\n\n\n\n<li>Em uma tigela funda, acrescente 150g da farofa fina de biscoito e reserve 50g para montagem, a farinha de trigo e 2 ovos.<\/li>\n\n\n\n<li>Em uma frigideira pequena, aque\u00e7a a manteiga junto com 8 colheres (sopa) de \u00e1gua e deixe amornar. Junte aos demais ingredientes, misture bem at\u00e9 obter uma massa homog\u00eanea.<\/li>\n\n\n\n<li>Deixe descansar por 20 minutos envolvida em papel filme.<\/li>\n<\/ol>\n\n\n\n<p><strong>Prepare o recheio:<\/strong><\/p>\n\n\n\n<ul class=\"wp-block-list\">\n<li>Em uma panela m\u00e9dia, junte o abacaxi, o a\u00e7\u00facar e deixe cozinhar at\u00e9 secar a \u00e1gua. Retire do fogo, acrescente as uvas passas, mexa delicadamente e reserve.<\/li>\n<\/ul>\n\n\n\n<p><strong>Finaliza\u00e7\u00e3o do strudel:<\/strong><\/p>\n\n\n\n<ol class=\"wp-block-list\" type=\"1\">\n<li>Acomode a massa sobre papel manteiga. Com a ajuda de um rolo, abra a massa at\u00e9 deix\u00e1-la bem fina.<\/li>\n\n\n\n<li>Polvilhe sobre a massa a farofa fina de biscoito reservada. Acomode por cima o recheio de abacaxi, as nozes e salpique o a\u00e7\u00facar de confeiteiro e a canela.<\/li>\n\n\n\n<li>Acrescente por cima pequenas por\u00e7\u00f5es de manteiga e enrole como rocambole.<br>Unte uma assadeira grande com manteiga e farinha de trigo. Junte o strudel, pincele com as gemas e acrescente por cima pequenas por\u00e7\u00f5es de manteiga.<\/li>\n\n\n\n<li>Leve ao forno a 180\u00baC por 40 minutos e a cada 10 minutos regue com a manteiga derretida que se formar\u00e1 na assadeira.<\/li>\n\n\n\n<li>Retire do fogo, polvilhe a\u00e7\u00facar de confeiteiro, decore com nozes e uvas passas.<br>Sirva ainda quente com sorvete de creme.<\/li>\n<\/ol>\n\n\n\n<figure class=\"wp-block-image size-large\"><img loading=\"lazy\" decoding=\"async\" width=\"780\" height=\"1024\" src=\"https:\/\/www.interlagos.com.br\/blog\/wp-content\/uploads\/2024\/07\/Torradas-com-Iogurte-Grego-e-Frutas-780x1024.jpg\" alt=\"\" class=\"wp-image-4216\" srcset=\"https:\/\/www.interlagos.com.br\/blog\/wp-content\/uploads\/2024\/07\/Torradas-com-Iogurte-Grego-e-Frutas-780x1024.jpg 780w, https:\/\/www.interlagos.com.br\/blog\/wp-content\/uploads\/2024\/07\/Torradas-com-Iogurte-Grego-e-Frutas-229x300.jpg 229w, https:\/\/www.interlagos.com.br\/blog\/wp-content\/uploads\/2024\/07\/Torradas-com-Iogurte-Grego-e-Frutas-768x1008.jpg 768w, https:\/\/www.interlagos.com.br\/blog\/wp-content\/uploads\/2024\/07\/Torradas-com-Iogurte-Grego-e-Frutas-1171x1536.jpg 1171w, https:\/\/www.interlagos.com.br\/blog\/wp-content\/uploads\/2024\/07\/Torradas-com-Iogurte-Grego-e-Frutas-1561x2048.jpg 1561w, https:\/\/www.interlagos.com.br\/blog\/wp-content\/uploads\/2024\/07\/Torradas-com-Iogurte-Grego-e-Frutas-1140x1496.jpg 1140w, https:\/\/www.interlagos.com.br\/blog\/wp-content\/uploads\/2024\/07\/Torradas-com-Iogurte-Grego-e-Frutas-scaled.jpg 1951w\" sizes=\"auto, (max-width: 780px) 100vw, 780px\" \/><\/figure>\n\n\n\n<h2 class=\"wp-block-heading\"><strong>Torradas com Iogurte Grego e Frutas<\/strong><\/h2>\n\n\n\n<p><strong>Ingredientes:<\/strong><\/p>\n\n\n\n<ul class=\"wp-block-list\">\n<li>1 embalagem de iogurte grego<\/li>\n\n\n\n<li>\u00bd embalagem de torrada tradicional<\/li>\n\n\n\n<li>8 morangos fatiados<\/li>\n\n\n\n<li>8 fatias pequenas de mam\u00e3o papaia<\/li>\n\n\n\n<li>Mel a gosto<\/li>\n<\/ul>\n\n\n\n<p><strong>Modo de Preparo:<\/strong><\/p>\n\n\n\n<ol class=\"wp-block-list\" type=\"1\">\n<li>Espalhe o iogurte sobre as torradas, acomode o morango e o mam\u00e3o.<\/li>\n\n\n\n<li>Finalize com um fio de mel e sirva em seguida.<\/li>\n<\/ol>\n\n\n\n<p>Curtiu as nossas dicas para celebrar o Dia dos Pais? Aproveite tamb\u00e9m para comemorar essa data especial <a href=\"https:\/\/www.interlagos.com.br\/busca-lojas.php\">aqui no Shopping Interlagos<\/a>. Aqui voc\u00ea conta com op\u00e7\u00f5es de docerias, cafeterias e restaurantes para tornar esse dia ainda mais especial, al\u00e9m de diversas lojas para encontrar o <a href=\"https:\/\/www.interlagos.com.br\/blog\/2023\/08\/dia-dos-pais-dicas-para-presentear-para-todos-os-estilos\/\">presente ideal para o seu her\u00f3i<\/a>. Esperamos por voc\u00ea!<\/p>\n","protected":false},"excerpt":{"rendered":"<p>O Dia dos Pais est\u00e1 chegando e que tal fazer uma surpresa para eles logo de manh\u00e3zinha? Preparar um brunch bem gostoso, por exemplo, \u00e9 uma \u00f3tima pedida. O brunch \u00e9 uma tradi\u00e7\u00e3o brit\u00e2nica que surgiu no s\u00e9culo XIX e se popularizou em todo o mundo. Conceitualmente, \u00e9 a uni\u00e3o do caf\u00e9 da manh\u00e3 e do almo\u00e7o, j\u00e1 que foi criado justamente para atender \u00e0s pessoas que acordavam tarde ap\u00f3s curtir as noites inglesas e mesmo assim gostariam de contar com os benef\u00edcios de se alimentar bem na primeira refei\u00e7\u00e3o. No Brasil, o brunch se tornou comum nos finais de semana e feriados permitindo combina\u00e7\u00f5es incr\u00edveis de sabores e receitas, tanto salgadas quanto doces. Uma boa ideia para festejar esse Dia dos Pais, n\u00e3o \u00e9 mesmo? Para te ajudar a preparar um brunch especial, separamos aqui algumas receitas f\u00e1ceis de fazer. Ent\u00e3o, anota a\u00ed e m\u00e3o na massa! E voc\u00ea ainda pode acrescentar uma cesta de p\u00e3es, frios e frutas para tornar o momento ainda mais saboroso. &nbsp;Os papais n\u00e3o v\u00e3o resistir! Torrada com Ovos Cremosos e Salame Ingredientes Modo de Preparo Quiche de Legumes Ingredientes: Para o recheio Para a massa Para a montagem Modo de Preparo: Recheio: Massa Strudel de Abacaxi com Nozes Ingredientes: Massa: Recheio: Para Montagem: Para decorar: Para acompanhar: Modo de Preparo: Prepare a massa: Prepare o recheio: Finaliza\u00e7\u00e3o do strudel: Torradas com Iogurte Grego e Frutas Ingredientes: Modo de Preparo: Curtiu as nossas dicas para celebrar o Dia dos Pais? Aproveite tamb\u00e9m para comemorar essa data especial aqui no Shopping Interlagos. Aqui voc\u00ea conta com op\u00e7\u00f5es de docerias, cafeterias e restaurantes para tornar esse dia ainda mais especial, al\u00e9m de diversas lojas para encontrar o presente ideal para o seu her\u00f3i. Esperamos por voc\u00ea!<\/p>\n","protected":false},"author":2,"featured_media":4246,"comment_status":"closed","ping_status":"closed","sticky":false,"template":"","format":"standard","meta":{"_monsterinsights_skip_tracking":false,"_monsterinsights_sitenote_active":false,"_monsterinsights_sitenote_note":"","_monsterinsights_sitenote_category":0,"footnotes":""},"categories":[76],"tags":[751,560,118,752,81,93,138],"class_list":["post-4215","post","type-post","status-publish","format-standard","has-post-thumbnail","hentry","category-gastronomia","tag-brunch","tag-cafe-da-manha","tag-dia-dos-pais","tag-dicas-de-receitas","tag-gastronomia","tag-receitas","tag-receitas-faceis"],"_links":{"self":[{"href":"https:\/\/www.interlagos.com.br\/blog\/wp-json\/wp\/v2\/posts\/4215","targetHints":{"allow":["GET"]}}],"collection":[{"href":"https:\/\/www.interlagos.com.br\/blog\/wp-json\/wp\/v2\/posts"}],"about":[{"href":"https:\/\/www.interlagos.com.br\/blog\/wp-json\/wp\/v2\/types\/post"}],"author":[{"embeddable":true,"href":"https:\/\/www.interlagos.com.br\/blog\/wp-json\/wp\/v2\/users\/2"}],"replies":[{"embeddable":true,"href":"https:\/\/www.interlagos.com.br\/blog\/wp-json\/wp\/v2\/comments?post=4215"}],"version-history":[{"count":1,"href":"https:\/\/www.interlagos.com.br\/blog\/wp-json\/wp\/v2\/posts\/4215\/revisions"}],"predecessor-version":[{"id":4220,"href":"https:\/\/www.interlagos.com.br\/blog\/wp-json\/wp\/v2\/posts\/4215\/revisions\/4220"}],"wp:featuredmedia":[{"embeddable":true,"href":"https:\/\/www.interlagos.com.br\/blog\/wp-json\/wp\/v2\/media\/4246"}],"wp:attachment":[{"href":"https:\/\/www.interlagos.com.br\/blog\/wp-json\/wp\/v2\/media?parent=4215"}],"wp:term":[{"taxonomy":"category","embeddable":true,"href":"https:\/\/www.interlagos.com.br\/blog\/wp-json\/wp\/v2\/categories?post=4215"},{"taxonomy":"post_tag","embeddable":true,"href":"https:\/\/www.interlagos.com.br\/blog\/wp-json\/wp\/v2\/tags?post=4215"}],"curies":[{"name":"wp","href":"https:\/\/api.w.org\/{rel}","templated":true}]}}