{"id":3988,"date":"2024-04-11T09:00:00","date_gmt":"2024-04-11T12:00:00","guid":{"rendered":"https:\/\/www.interlagos.com.br\/blog\/?p=3988"},"modified":"2025-06-18T08:29:37","modified_gmt":"2025-06-18T11:29:37","slug":"tres-receitas-especiais-para-degustar-o-cafe-com-estilo-e-criatividade","status":"publish","type":"post","link":"https:\/\/www.interlagos.com.br\/blog\/2024\/04\/tres-receitas-especiais-para-degustar-o-cafe-com-estilo-e-criatividade\/","title":{"rendered":"Tr\u00eas receitas especiais para degustar o caf\u00e9 com estilo e criatividade"},"content":{"rendered":"\n<p>Neste domingo \u00e9 o dia Mundial do Caf\u00e9. E tem uma forma melhor de comemorar essa data do que preparando aquele cafezinho gostoso? Que o caf\u00e9 \u00e9 uma paix\u00e3o nacional, a gente j\u00e1 sabe. Ningu\u00e9m resiste a um caf\u00e9 pela manh\u00e3, depois do almo\u00e7o ou a qualquer hora do dia, n\u00e3o \u00e9 mesmo? Mas h\u00e1 muitas outras maneiras de degustar essa bebida. Quer experimentar?<\/p>\n\n\n\n<p>Para comemorar o Dia Mundial do Caf\u00e9, separamos tr\u00eas receitas deliciosas para voc\u00ea preparar em casa. Mas s\u00f3 para te lembrar, <a href=\"https:\/\/www.interlagos.com.br\/busca-lojas.php\" data-type=\"URL\" data-id=\"https:\/\/www.interlagos.com.br\/busca-lojas.php\">caf\u00e9 saboroso \u00e9 o que n\u00e3o falta aqui no Shopping Interlagos<\/a>. Docerias, cafeterias, restaurantes, s\u00e3o muitas as op\u00e7\u00f5es a sua escolha. Cada uma com seu jeito pr\u00f3prio de servir o cafezinho.&nbsp; Vem que estamos esperando voc\u00ea. E anota a\u00ed as nossas sugest\u00f5es.<\/p>\n\n\n\n<figure class=\"wp-block-image size-large\"><img loading=\"lazy\" decoding=\"async\" width=\"1024\" height=\"576\" src=\"https:\/\/www.interlagos.com.br\/blog\/wp-content\/uploads\/2024\/04\/xicara-de-cafe-cremoso-decorado-1024x576.jpeg\" alt=\"\" class=\"wp-image-4014\" srcset=\"https:\/\/www.interlagos.com.br\/blog\/wp-content\/uploads\/2024\/04\/xicara-de-cafe-cremoso-decorado-1024x576.jpeg 1024w, https:\/\/www.interlagos.com.br\/blog\/wp-content\/uploads\/2024\/04\/xicara-de-cafe-cremoso-decorado-300x169.jpeg 300w, https:\/\/www.interlagos.com.br\/blog\/wp-content\/uploads\/2024\/04\/xicara-de-cafe-cremoso-decorado-768x432.jpeg 768w, https:\/\/www.interlagos.com.br\/blog\/wp-content\/uploads\/2024\/04\/xicara-de-cafe-cremoso-decorado-1536x864.jpeg 1536w, https:\/\/www.interlagos.com.br\/blog\/wp-content\/uploads\/2024\/04\/xicara-de-cafe-cremoso-decorado-2048x1152.jpeg 2048w, https:\/\/www.interlagos.com.br\/blog\/wp-content\/uploads\/2024\/04\/xicara-de-cafe-cremoso-decorado-1140x641.jpeg 1140w\" sizes=\"auto, (max-width: 1024px) 100vw, 1024px\" \/><figcaption class=\"wp-element-caption\"><em>Imagem: Adobe Stock<\/em><\/figcaption><\/figure>\n\n\n\n<h2 class=\"wp-block-heading\"><strong>Caf\u00e9 cremoso<\/strong><\/h2>\n\n\n\n<p>Certamente voc\u00ea j\u00e1 viu aquela x\u00edcara de caf\u00e9 que mais parece uma obra de arte, com a superf\u00edcie da bebida decorada com desenhos super originais. &nbsp;Isso \u00e9 poss\u00edvel porque o caf\u00e9 \u00e9 cremoso. Quer ver como faz?<\/p>\n\n\n\n<p>Pegue um sache de 50 gramas de caf\u00e9 sol\u00favel, duas x\u00edcaras de a\u00e7\u00facar e coloque em uma batedeira at\u00e9 misturar bem. Coloque uma x\u00edcara de \u00e1gua fervendo e bata tudo por 10 a 15 minutos at\u00e9 que a mistura fique bem cremosa. Quando estiver pronto, coloque em um pote tampado na geladeira e deixe esfriar. Para servir misture com leite quente e use a criatividade para decorar a x\u00edcara.<\/p>\n\n\n\n<figure class=\"wp-block-image size-large\"><img loading=\"lazy\" decoding=\"async\" width=\"1024\" height=\"683\" src=\"https:\/\/www.interlagos.com.br\/blog\/wp-content\/uploads\/2024\/04\/copos-de-cafe-gelado-1024x683.jpeg\" alt=\"\" class=\"wp-image-4015\" srcset=\"https:\/\/www.interlagos.com.br\/blog\/wp-content\/uploads\/2024\/04\/copos-de-cafe-gelado-1024x683.jpeg 1024w, https:\/\/www.interlagos.com.br\/blog\/wp-content\/uploads\/2024\/04\/copos-de-cafe-gelado-300x200.jpeg 300w, https:\/\/www.interlagos.com.br\/blog\/wp-content\/uploads\/2024\/04\/copos-de-cafe-gelado-768x512.jpeg 768w, https:\/\/www.interlagos.com.br\/blog\/wp-content\/uploads\/2024\/04\/copos-de-cafe-gelado-1536x1024.jpeg 1536w, https:\/\/www.interlagos.com.br\/blog\/wp-content\/uploads\/2024\/04\/copos-de-cafe-gelado-2048x1365.jpeg 2048w, https:\/\/www.interlagos.com.br\/blog\/wp-content\/uploads\/2024\/04\/copos-de-cafe-gelado-1140x760.jpeg 1140w\" sizes=\"auto, (max-width: 1024px) 100vw, 1024px\" \/><figcaption class=\"wp-element-caption\"><em>Imagem: Adobe Stock<\/em><\/figcaption><\/figure>\n\n\n\n<h2 class=\"wp-block-heading\"><strong>Caf\u00e9 gelado<\/strong><\/h2>\n\n\n\n<p>Tomar caf\u00e9 gelado ainda n\u00e3o \u00e9 um h\u00e1bito muito comum no Brasil. Mas com as ondas de calor que t\u00eam acontecido com maior frequ\u00eancia, essa pode ser uma boa op\u00e7\u00e3o, n\u00e3o \u00e9 verdade? E o melhor \u00e9 que a receita \u00e9 muito f\u00e1cil de preparar.&nbsp; Para cada 20 gramas de p\u00f3 misture 250 ml de \u00e1gua e deixe na geladeira por 12h. Coe \u2013 de prefer\u00eancia no tradicional coador de pano &#8211; e sirva com gelo.<\/p>\n\n\n\n<figure class=\"wp-block-image size-large\"><img loading=\"lazy\" decoding=\"async\" width=\"1024\" height=\"680\" src=\"https:\/\/www.interlagos.com.br\/blog\/wp-content\/uploads\/2024\/04\/taca-de-affogatto-1024x680.jpeg\" alt=\"\" class=\"wp-image-4016\" srcset=\"https:\/\/www.interlagos.com.br\/blog\/wp-content\/uploads\/2024\/04\/taca-de-affogatto-1024x680.jpeg 1024w, https:\/\/www.interlagos.com.br\/blog\/wp-content\/uploads\/2024\/04\/taca-de-affogatto-300x199.jpeg 300w, https:\/\/www.interlagos.com.br\/blog\/wp-content\/uploads\/2024\/04\/taca-de-affogatto-768x510.jpeg 768w, https:\/\/www.interlagos.com.br\/blog\/wp-content\/uploads\/2024\/04\/taca-de-affogatto-1536x1020.jpeg 1536w, https:\/\/www.interlagos.com.br\/blog\/wp-content\/uploads\/2024\/04\/taca-de-affogatto-2048x1360.jpeg 2048w, https:\/\/www.interlagos.com.br\/blog\/wp-content\/uploads\/2024\/04\/taca-de-affogatto-1140x757.jpeg 1140w\" sizes=\"auto, (max-width: 1024px) 100vw, 1024px\" \/><figcaption class=\"wp-element-caption\"><em>Imagem: Adobe Stock<\/em><\/figcaption><\/figure>\n\n\n\n<h2 class=\"wp-block-heading\"><strong>Affogato<\/strong><\/h2>\n\n\n\n<p>Bebida t\u00edpica da It\u00e1lia, o Affogato \u00e9 uma deliciosa mistura de caf\u00e9 expresso&nbsp;com sorvete. O modo de preparo tamb\u00e9m \u00e9 muito simples. Coloque duas bolas de sorvete em uma x\u00edcara grande despeje sobre ele o caf\u00e9 expresso bem quente. Finalize a mistura com raspas de chocolate e avel\u00e3s tostadas a gosto. O sorvete de creme \u00e9 o mais indicado, faz parte da receita original, mas nada impede que voc\u00ea possa substitu\u00ed-lo por outro de sua prefer\u00eancia.<\/p>\n","protected":false},"excerpt":{"rendered":"<p>Neste domingo \u00e9 o dia Mundial do Caf\u00e9. E tem uma forma melhor de comemorar essa data do que preparando aquele cafezinho gostoso? Que o caf\u00e9 \u00e9 uma paix\u00e3o nacional, a gente j\u00e1 sabe. Ningu\u00e9m resiste a um caf\u00e9 pela manh\u00e3, depois do almo\u00e7o ou a qualquer hora do dia, n\u00e3o \u00e9 mesmo? Mas h\u00e1 muitas outras maneiras de degustar essa bebida. Quer experimentar? Para comemorar o Dia Mundial do Caf\u00e9, separamos tr\u00eas receitas deliciosas para voc\u00ea preparar em casa. Mas s\u00f3 para te lembrar, caf\u00e9 saboroso \u00e9 o que n\u00e3o falta aqui no Shopping Interlagos. Docerias, cafeterias, restaurantes, s\u00e3o muitas as op\u00e7\u00f5es a sua escolha. Cada uma com seu jeito pr\u00f3prio de servir o cafezinho.&nbsp; Vem que estamos esperando voc\u00ea. E anota a\u00ed as nossas sugest\u00f5es. Caf\u00e9 cremoso Certamente voc\u00ea j\u00e1 viu aquela x\u00edcara de caf\u00e9 que mais parece uma obra de arte, com a superf\u00edcie da bebida decorada com desenhos super originais. &nbsp;Isso \u00e9 poss\u00edvel porque o caf\u00e9 \u00e9 cremoso. Quer ver como faz? Pegue um sache de 50 gramas de caf\u00e9 sol\u00favel, duas x\u00edcaras de a\u00e7\u00facar e coloque em uma batedeira at\u00e9 misturar bem. Coloque uma x\u00edcara de \u00e1gua fervendo e bata tudo por 10 a 15 minutos at\u00e9 que a mistura fique bem cremosa. Quando estiver pronto, coloque em um pote tampado na geladeira e deixe esfriar. Para servir misture com leite quente e use a criatividade para decorar a x\u00edcara. Caf\u00e9 gelado Tomar caf\u00e9 gelado ainda n\u00e3o \u00e9 um h\u00e1bito muito comum no Brasil. Mas com as ondas de calor que t\u00eam acontecido com maior frequ\u00eancia, essa pode ser uma boa op\u00e7\u00e3o, n\u00e3o \u00e9 verdade? E o melhor \u00e9 que a receita \u00e9 muito f\u00e1cil de preparar.&nbsp; Para cada 20 gramas de p\u00f3 misture 250 ml de \u00e1gua e deixe na geladeira por 12h. Coe \u2013 de prefer\u00eancia no tradicional coador de pano &#8211; e sirva com gelo. Affogato Bebida t\u00edpica da It\u00e1lia, o Affogato \u00e9 uma deliciosa mistura de caf\u00e9 expresso&nbsp;com sorvete. O modo de preparo tamb\u00e9m \u00e9 muito simples. Coloque duas bolas de sorvete em uma x\u00edcara grande despeje sobre ele o caf\u00e9 expresso bem quente. Finalize a mistura com raspas de chocolate e avel\u00e3s tostadas a gosto. O sorvete de creme \u00e9 o mais indicado, faz parte da receita original, mas nada impede que voc\u00ea possa substitu\u00ed-lo por outro de sua prefer\u00eancia.<\/p>\n","protected":false},"author":2,"featured_media":4013,"comment_status":"closed","ping_status":"closed","sticky":false,"template":"","format":"standard","meta":{"_monsterinsights_skip_tracking":false,"_monsterinsights_sitenote_active":false,"_monsterinsights_sitenote_note":"","_monsterinsights_sitenote_category":0,"footnotes":""},"categories":[76],"tags":[691,687,690,689,688],"class_list":["post-3988","post","type-post","status-publish","format-standard","has-post-thumbnail","hentry","category-gastronomia","tag-affogato","tag-cafe","tag-cafe-cremoso","tag-cafe-gelado","tag-receitas-de-cafe"],"_links":{"self":[{"href":"https:\/\/www.interlagos.com.br\/blog\/wp-json\/wp\/v2\/posts\/3988","targetHints":{"allow":["GET"]}}],"collection":[{"href":"https:\/\/www.interlagos.com.br\/blog\/wp-json\/wp\/v2\/posts"}],"about":[{"href":"https:\/\/www.interlagos.com.br\/blog\/wp-json\/wp\/v2\/types\/post"}],"author":[{"embeddable":true,"href":"https:\/\/www.interlagos.com.br\/blog\/wp-json\/wp\/v2\/users\/2"}],"replies":[{"embeddable":true,"href":"https:\/\/www.interlagos.com.br\/blog\/wp-json\/wp\/v2\/comments?post=3988"}],"version-history":[{"count":3,"href":"https:\/\/www.interlagos.com.br\/blog\/wp-json\/wp\/v2\/posts\/3988\/revisions"}],"predecessor-version":[{"id":4018,"href":"https:\/\/www.interlagos.com.br\/blog\/wp-json\/wp\/v2\/posts\/3988\/revisions\/4018"}],"wp:featuredmedia":[{"embeddable":true,"href":"https:\/\/www.interlagos.com.br\/blog\/wp-json\/wp\/v2\/media\/4013"}],"wp:attachment":[{"href":"https:\/\/www.interlagos.com.br\/blog\/wp-json\/wp\/v2\/media?parent=3988"}],"wp:term":[{"taxonomy":"category","embeddable":true,"href":"https:\/\/www.interlagos.com.br\/blog\/wp-json\/wp\/v2\/categories?post=3988"},{"taxonomy":"post_tag","embeddable":true,"href":"https:\/\/www.interlagos.com.br\/blog\/wp-json\/wp\/v2\/tags?post=3988"}],"curies":[{"name":"wp","href":"https:\/\/api.w.org\/{rel}","templated":true}]}}