{"id":3416,"date":"2023-06-22T09:00:00","date_gmt":"2023-06-22T12:00:00","guid":{"rendered":"https:\/\/www.interlagos.com.br\/blog\/?p=3416"},"modified":"2025-06-18T08:29:43","modified_gmt":"2025-06-18T11:29:43","slug":"5-dicas-para-aquecer-o-bebe-nos-dias-frios-de-inverno","status":"publish","type":"post","link":"https:\/\/www.interlagos.com.br\/blog\/2023\/06\/5-dicas-para-aquecer-o-bebe-nos-dias-frios-de-inverno\/","title":{"rendered":"5 dicas para aquecer o beb\u00ea nos dias frios de inverno"},"content":{"rendered":"\n<p>Os dias mais frios do ano est\u00e3o a\u00ed. &nbsp;E para quem tem beb\u00ea em casa \u00e9 muito importante mant\u00ea-los bem quentinhos e confort\u00e1veis, seja no ber\u00e7o, ou quando levamos para um passeio ao ar livre. Essa n\u00e3o \u00e9 apenas uma quest\u00e3o de bem-estar, mas tamb\u00e9m de sa\u00fade, afinal, com o beb\u00ea corretamente protegido do frio, os riscos de doen\u00e7as respirat\u00f3rias t\u00edpicas desse per\u00edodo do ano, s\u00e3o muito menores.<\/p>\n\n\n\n<p>Mas, como aquecer os pequenos? Vamos te ajudar nessa miss\u00e3o. Anote a\u00ed as dicas que preparamos para voc\u00ea. S\u00e3o roupinhas, acess\u00f3rios e algumas atitudes que voc\u00ea pode incorporar ao seu dia a dia. E lembre-se: aqui no Shopping Interlagos o que n\u00e3o faltam s\u00e3o op\u00e7\u00f5es para voc\u00ea manter seu beb\u00ea bem aquecido nesse inverno. Ent\u00e3o, n\u00e3o fique a\u00ed esperando, vem logo para c\u00e1 conferir.<strong> <\/strong><\/p>\n\n\n\n<h2 class=\"wp-block-heading\"><strong>Cuidados\nna hora do banho<\/strong><\/h2>\n\n\n\n<figure class=\"wp-block-image size-large\"><img loading=\"lazy\" decoding=\"async\" width=\"1024\" height=\"683\" src=\"https:\/\/www.interlagos.com.br\/blog\/wp-content\/uploads\/2023\/05\/beb\u00ea-tomando-banho-1024x683.jpeg\" alt=\"Small cute black child sitting at bath, washing, playing with soap and foam, indoors, copy space, white background, happy childhood, banner. adorable kid enjoying hygiene skincare procedures\" class=\"wp-image-3417\" srcset=\"https:\/\/www.interlagos.com.br\/blog\/wp-content\/uploads\/2023\/05\/beb\u00ea-tomando-banho-1024x683.jpeg 1024w, https:\/\/www.interlagos.com.br\/blog\/wp-content\/uploads\/2023\/05\/beb\u00ea-tomando-banho-300x200.jpeg 300w, https:\/\/www.interlagos.com.br\/blog\/wp-content\/uploads\/2023\/05\/beb\u00ea-tomando-banho-768x512.jpeg 768w, https:\/\/www.interlagos.com.br\/blog\/wp-content\/uploads\/2023\/05\/beb\u00ea-tomando-banho-1536x1024.jpeg 1536w, https:\/\/www.interlagos.com.br\/blog\/wp-content\/uploads\/2023\/05\/beb\u00ea-tomando-banho-2048x1365.jpeg 2048w, https:\/\/www.interlagos.com.br\/blog\/wp-content\/uploads\/2023\/05\/beb\u00ea-tomando-banho-1140x760.jpeg 1140w\" sizes=\"auto, (max-width: 1024px) 100vw, 1024px\" \/><figcaption><em>Imagem: Adobe Stock<\/em><\/figcaption><\/figure>\n\n\n\n<p>O banho\ndo beb\u00ea no inverno merece uma aten\u00e7\u00e3o superespecial. Voc\u00ea precisa cuidar da\ntemperatura da \u00e1gua que deve ficar em torno de 37 graus. Tamb\u00e9m \u00e9 recomend\u00e1vel\nescolher um hor\u00e1rio mais quentinho, entre 11 da manh\u00e3 e tr\u00eas da tarde. Al\u00e9m\ndisso, se atente no tempo do banho, evitando que a \u00e1gua esfrie. Por fim, cuide\ndo ambiente, veja se n\u00e3o h\u00e1 correntes de ar e deixe a toalha, bem felpudinha,\nsempre \u00e0 m\u00e3o.<\/p>\n\n\n\n<h2 class=\"wp-block-heading\"><strong>Cuidados\nna hora de dormir<\/strong><\/h2>\n\n\n\n<figure class=\"wp-block-image size-large\"><img loading=\"lazy\" decoding=\"async\" width=\"1024\" height=\"683\" src=\"https:\/\/www.interlagos.com.br\/blog\/wp-content\/uploads\/2023\/05\/beb\u00ea-dormindo-no-ber\u00e7o-1024x683.jpeg\" alt=\"First days of little baby infant sleeping in straw crib wearing white pajamas at home top view. Childhood.\" class=\"wp-image-3418\" srcset=\"https:\/\/www.interlagos.com.br\/blog\/wp-content\/uploads\/2023\/05\/beb\u00ea-dormindo-no-ber\u00e7o-1024x683.jpeg 1024w, https:\/\/www.interlagos.com.br\/blog\/wp-content\/uploads\/2023\/05\/beb\u00ea-dormindo-no-ber\u00e7o-300x200.jpeg 300w, https:\/\/www.interlagos.com.br\/blog\/wp-content\/uploads\/2023\/05\/beb\u00ea-dormindo-no-ber\u00e7o-768x513.jpeg 768w, https:\/\/www.interlagos.com.br\/blog\/wp-content\/uploads\/2023\/05\/beb\u00ea-dormindo-no-ber\u00e7o-1536x1025.jpeg 1536w, https:\/\/www.interlagos.com.br\/blog\/wp-content\/uploads\/2023\/05\/beb\u00ea-dormindo-no-ber\u00e7o-2048x1367.jpeg 2048w, https:\/\/www.interlagos.com.br\/blog\/wp-content\/uploads\/2023\/05\/beb\u00ea-dormindo-no-ber\u00e7o-1140x761.jpeg 1140w\" sizes=\"auto, (max-width: 1024px) 100vw, 1024px\" \/><figcaption><em> Imagem: Adobe Stock <\/em><\/figcaption><\/figure>\n\n\n\n<p>As\nnoites, as madrugadas principalmente, s\u00e3o os momentos em que a temperatura fica\nainda mais baixa no inverno.&nbsp; Vestir o\nbeb\u00ea com aquele pijama bem quentinho de flanela \u00e9 essencial, mas n\u00e3o \u00e9 tudo.\nPara que o pequeno fique ainda mais protegido, um acess\u00f3rio perfeito \u00e9 o\nporta-beb\u00ea, que funciona como um saco de dormir. Voc\u00ea pode optar tamb\u00e9m, \u00e9\nclaro, por cobertores, mantas e edredons, mas \u00e9 preciso muita aten\u00e7\u00e3o para\nevitar cobrir a cabe\u00e7a, o que pode sufocar a crian\u00e7a. <\/p>\n\n\n\n<h2 class=\"wp-block-heading\"><strong>Cuidados\npara aquecer o quarto do beb\u00ea<\/strong><\/h2>\n\n\n\n<figure class=\"wp-block-image size-large\"><img loading=\"lazy\" decoding=\"async\" width=\"1024\" height=\"683\" src=\"https:\/\/www.interlagos.com.br\/blog\/wp-content\/uploads\/2023\/05\/aquecedor-em-quarto-de-beb\u00ea-1024x683.jpeg\" alt=\"Modern portable electric heater in child room, space for text\" class=\"wp-image-3419\" srcset=\"https:\/\/www.interlagos.com.br\/blog\/wp-content\/uploads\/2023\/05\/aquecedor-em-quarto-de-beb\u00ea-1024x683.jpeg 1024w, https:\/\/www.interlagos.com.br\/blog\/wp-content\/uploads\/2023\/05\/aquecedor-em-quarto-de-beb\u00ea-300x200.jpeg 300w, https:\/\/www.interlagos.com.br\/blog\/wp-content\/uploads\/2023\/05\/aquecedor-em-quarto-de-beb\u00ea-768x512.jpeg 768w, https:\/\/www.interlagos.com.br\/blog\/wp-content\/uploads\/2023\/05\/aquecedor-em-quarto-de-beb\u00ea-1536x1024.jpeg 1536w, https:\/\/www.interlagos.com.br\/blog\/wp-content\/uploads\/2023\/05\/aquecedor-em-quarto-de-beb\u00ea-2048x1365.jpeg 2048w, https:\/\/www.interlagos.com.br\/blog\/wp-content\/uploads\/2023\/05\/aquecedor-em-quarto-de-beb\u00ea-1140x760.jpeg 1140w\" sizes=\"auto, (max-width: 1024px) 100vw, 1024px\" \/><figcaption> <em> Imagem: Adobe Stock <\/em><\/figcaption><\/figure>\n\n\n\n<p>O uso de aquecedores, especialmente nas regi\u00f5es mais frias, \u00e9 muito comum nessa \u00e9poca do ano para manter o ambiente mais quente. Isso vale tamb\u00e9m para o quarto do beb\u00ea. E para deixar o beb\u00ea ainda mais confort\u00e1vel, mantenha um umidificador de ar ligado, o que ajuda a manter a umidade do ambiente mais equilibrada. Se voc\u00ea n\u00e3o tiver um em casa, pode optar por uma bacia com \u00e1gua que tamb\u00e9m cumpre esse papel. <\/p>\n\n\n\n<p>Ah, e se o seu beb\u00ea j\u00e1 engatinhar ou der os primeiros passos, n\u00e3o deixe que ele se aproxime de nenhum desses aparelhos ou da bacia, combinado? <\/p>\n\n\n\n<h2 class=\"wp-block-heading\"><strong>Como\nvestir o beb\u00ea no inverno<\/strong><\/h2>\n\n\n\n<figure class=\"wp-block-image size-large\"><img loading=\"lazy\" decoding=\"async\" width=\"1024\" height=\"683\" src=\"https:\/\/www.interlagos.com.br\/blog\/wp-content\/uploads\/2023\/05\/m\u00e3e-vestindo-beb\u00ea-1024x683.jpeg\" alt=\"Child is dressed in warm winter clothes for a walk outside. Woman mother puts clothes on toddler baby boy for cold weather. Kid age one year five months in the home living room\" class=\"wp-image-3420\" srcset=\"https:\/\/www.interlagos.com.br\/blog\/wp-content\/uploads\/2023\/05\/m\u00e3e-vestindo-beb\u00ea-1024x683.jpeg 1024w, https:\/\/www.interlagos.com.br\/blog\/wp-content\/uploads\/2023\/05\/m\u00e3e-vestindo-beb\u00ea-300x200.jpeg 300w, https:\/\/www.interlagos.com.br\/blog\/wp-content\/uploads\/2023\/05\/m\u00e3e-vestindo-beb\u00ea-768x512.jpeg 768w, https:\/\/www.interlagos.com.br\/blog\/wp-content\/uploads\/2023\/05\/m\u00e3e-vestindo-beb\u00ea-1536x1024.jpeg 1536w, https:\/\/www.interlagos.com.br\/blog\/wp-content\/uploads\/2023\/05\/m\u00e3e-vestindo-beb\u00ea-2048x1365.jpeg 2048w, https:\/\/www.interlagos.com.br\/blog\/wp-content\/uploads\/2023\/05\/m\u00e3e-vestindo-beb\u00ea-1140x760.jpeg 1140w\" sizes=\"auto, (max-width: 1024px) 100vw, 1024px\" \/><figcaption> <em> Imagem: Adobe Stock <\/em><\/figcaption><\/figure>\n\n\n\n<p>Uma\nboa recomenda\u00e7\u00e3o para vestir o seu beb\u00ea no inverno s\u00e3o as roupas de tecidos\nconfort\u00e1veis como flanela e algod\u00e3o. Aqueles casaquinhos de tricot que muitas\nvezes as vov\u00f3s \u00e9 que fazem tamb\u00e9m s\u00e3o tradicionais para essa \u00e9poca. Para sair\nde casa, o uso de roupas de baixo, como body, meia cal\u00e7a ou uma camisetinha \u00e9\nbem indicado, al\u00e9m de acess\u00f3rios como luvas, gorros,\nmeias e sapatinhos para manter as extremidades do corpo\nsempre bem aquecidas.&nbsp; <\/p>\n\n\n\n<h2 class=\"wp-block-heading\"><strong>Observe\nsempre as rea\u00e7\u00f5es do beb\u00ea<\/strong><\/h2>\n\n\n\n<figure class=\"wp-block-image size-large\"><img loading=\"lazy\" decoding=\"async\" width=\"1024\" height=\"683\" src=\"https:\/\/www.interlagos.com.br\/blog\/wp-content\/uploads\/2023\/05\/beb\u00ea-com-tosse-no-colo-da-m\u00e3e-1024x683.jpeg\" alt=\"mother holding child baby on the living room. The baby is sick having some cough\" class=\"wp-image-3421\" srcset=\"https:\/\/www.interlagos.com.br\/blog\/wp-content\/uploads\/2023\/05\/beb\u00ea-com-tosse-no-colo-da-m\u00e3e-1024x683.jpeg 1024w, https:\/\/www.interlagos.com.br\/blog\/wp-content\/uploads\/2023\/05\/beb\u00ea-com-tosse-no-colo-da-m\u00e3e-300x200.jpeg 300w, https:\/\/www.interlagos.com.br\/blog\/wp-content\/uploads\/2023\/05\/beb\u00ea-com-tosse-no-colo-da-m\u00e3e-768x512.jpeg 768w, https:\/\/www.interlagos.com.br\/blog\/wp-content\/uploads\/2023\/05\/beb\u00ea-com-tosse-no-colo-da-m\u00e3e-1536x1024.jpeg 1536w, https:\/\/www.interlagos.com.br\/blog\/wp-content\/uploads\/2023\/05\/beb\u00ea-com-tosse-no-colo-da-m\u00e3e-2048x1365.jpeg 2048w, https:\/\/www.interlagos.com.br\/blog\/wp-content\/uploads\/2023\/05\/beb\u00ea-com-tosse-no-colo-da-m\u00e3e-1140x760.jpeg 1140w\" sizes=\"auto, (max-width: 1024px) 100vw, 1024px\" \/><figcaption> <em> Imagem: Adobe Stock <\/em> <\/figcaption><\/figure>\n\n\n\n<p>As\nbaixas temperaturas e o ar muito seco do inverno, como falamos l\u00e1 no in\u00edcio\ndesse texto, deixam os beb\u00eas mais sujeitos a doen\u00e7as t\u00edpicas dessa \u00e9poca,\nespecialmente as do sistema respirat\u00f3rio. Por isso, \u00e9 preciso ficar sempre\natento aos sintomas. Em caso de tosse, coriza, espirros, procure de imediato o\nseu pediatra. Se voc\u00ea ou algu\u00e9m em casa tiver esse tipo de manifesta\u00e7\u00e3o, o\nideal \u00e9 manter dist\u00e2ncia do beb\u00ea para evitar contamina\u00e7\u00f5es. &nbsp;<\/p>\n\n\n\n<p>Por\nfim, uma \u00faltima dica: mesmo sem falar, o beb\u00ea se expressa com o corpo. Ele\nchora, demonstra irrita\u00e7\u00e3o quando est\u00e1 com frio ou quando sente calor. E isso \u00e9\nmuito importante observar nessa \u00e9poca para deix\u00e1-lo ainda mais seguro e\nprotegido.<\/p>\n","protected":false},"excerpt":{"rendered":"<p>Os dias mais frios do ano est\u00e3o a\u00ed. &nbsp;E para quem tem beb\u00ea em casa \u00e9 muito importante mant\u00ea-los bem quentinhos e confort\u00e1veis, seja no ber\u00e7o, ou quando levamos para um passeio ao ar livre. Essa n\u00e3o \u00e9 apenas uma quest\u00e3o de bem-estar, mas tamb\u00e9m de sa\u00fade, afinal, com o beb\u00ea corretamente protegido do frio, os riscos de doen\u00e7as respirat\u00f3rias t\u00edpicas desse per\u00edodo do ano, s\u00e3o muito menores. Mas, como aquecer os pequenos? Vamos te ajudar nessa miss\u00e3o. Anote a\u00ed as dicas que preparamos para voc\u00ea. S\u00e3o roupinhas, acess\u00f3rios e algumas atitudes que voc\u00ea pode incorporar ao seu dia a dia. E lembre-se: aqui no Shopping Interlagos o que n\u00e3o faltam s\u00e3o op\u00e7\u00f5es para voc\u00ea manter seu beb\u00ea bem aquecido nesse inverno. Ent\u00e3o, n\u00e3o fique a\u00ed esperando, vem logo para c\u00e1 conferir. Cuidados na hora do banho O banho do beb\u00ea no inverno merece uma aten\u00e7\u00e3o superespecial. Voc\u00ea precisa cuidar da temperatura da \u00e1gua que deve ficar em torno de 37 graus. Tamb\u00e9m \u00e9 recomend\u00e1vel escolher um hor\u00e1rio mais quentinho, entre 11 da manh\u00e3 e tr\u00eas da tarde. Al\u00e9m disso, se atente no tempo do banho, evitando que a \u00e1gua esfrie. Por fim, cuide do ambiente, veja se n\u00e3o h\u00e1 correntes de ar e deixe a toalha, bem felpudinha, sempre \u00e0 m\u00e3o. Cuidados na hora de dormir As noites, as madrugadas principalmente, s\u00e3o os momentos em que a temperatura fica ainda mais baixa no inverno.&nbsp; Vestir o beb\u00ea com aquele pijama bem quentinho de flanela \u00e9 essencial, mas n\u00e3o \u00e9 tudo. Para que o pequeno fique ainda mais protegido, um acess\u00f3rio perfeito \u00e9 o porta-beb\u00ea, que funciona como um saco de dormir. Voc\u00ea pode optar tamb\u00e9m, \u00e9 claro, por cobertores, mantas e edredons, mas \u00e9 preciso muita aten\u00e7\u00e3o para evitar cobrir a cabe\u00e7a, o que pode sufocar a crian\u00e7a. Cuidados para aquecer o quarto do beb\u00ea O uso de aquecedores, especialmente nas regi\u00f5es mais frias, \u00e9 muito comum nessa \u00e9poca do ano para manter o ambiente mais quente. Isso vale tamb\u00e9m para o quarto do beb\u00ea. E para deixar o beb\u00ea ainda mais confort\u00e1vel, mantenha um umidificador de ar ligado, o que ajuda a manter a umidade do ambiente mais equilibrada. Se voc\u00ea n\u00e3o tiver um em casa, pode optar por uma bacia com \u00e1gua que tamb\u00e9m cumpre esse papel. Ah, e se o seu beb\u00ea j\u00e1 engatinhar ou der os primeiros passos, n\u00e3o deixe que ele se aproxime de nenhum desses aparelhos ou da bacia, combinado? Como vestir o beb\u00ea no inverno Uma boa recomenda\u00e7\u00e3o para vestir o seu beb\u00ea no inverno s\u00e3o as roupas de tecidos confort\u00e1veis como flanela e algod\u00e3o. Aqueles casaquinhos de tricot que muitas vezes as vov\u00f3s \u00e9 que fazem tamb\u00e9m s\u00e3o tradicionais para essa \u00e9poca. Para sair de casa, o uso de roupas de baixo, como body, meia cal\u00e7a ou uma camisetinha \u00e9 bem indicado, al\u00e9m de acess\u00f3rios como luvas, gorros, meias e sapatinhos para manter as extremidades do corpo sempre bem aquecidas.&nbsp; Observe sempre as rea\u00e7\u00f5es do beb\u00ea As baixas temperaturas e o ar muito seco do inverno, como falamos l\u00e1 no in\u00edcio desse texto, deixam os beb\u00eas mais sujeitos a doen\u00e7as t\u00edpicas dessa \u00e9poca, especialmente as do sistema respirat\u00f3rio. Por isso, \u00e9 preciso ficar sempre atento aos sintomas. Em caso de tosse, coriza, espirros, procure de imediato o seu pediatra. Se voc\u00ea ou algu\u00e9m em casa tiver esse tipo de manifesta\u00e7\u00e3o, o ideal \u00e9 manter dist\u00e2ncia do beb\u00ea para evitar contamina\u00e7\u00f5es. &nbsp; Por fim, uma \u00faltima dica: mesmo sem falar, o beb\u00ea se expressa com o corpo. Ele chora, demonstra irrita\u00e7\u00e3o quando est\u00e1 com frio ou quando sente calor. E isso \u00e9 muito importante observar nessa \u00e9poca para deix\u00e1-lo ainda mais seguro e protegido.<\/p>\n","protected":false},"author":2,"featured_media":3449,"comment_status":"closed","ping_status":"closed","sticky":false,"template":"","format":"standard","meta":{"_monsterinsights_skip_tracking":false,"_monsterinsights_sitenote_active":false,"_monsterinsights_sitenote_note":"","_monsterinsights_sitenote_category":0,"footnotes":""},"categories":[29,60],"tags":[535,533,190,532,537,536,534,57],"class_list":["post-3416","post","type-post","status-publish","format-standard","has-post-thumbnail","hentry","category-infantil","category-saude","tag-acessorios-para-o-bebe","tag-aquecer-o-bebe","tag-bebe","tag-bebe-no-inverno","tag-dicas-de-saude","tag-doencas-de-inverno","tag-roupas-quentes","tag-saude"],"_links":{"self":[{"href":"https:\/\/www.interlagos.com.br\/blog\/wp-json\/wp\/v2\/posts\/3416","targetHints":{"allow":["GET"]}}],"collection":[{"href":"https:\/\/www.interlagos.com.br\/blog\/wp-json\/wp\/v2\/posts"}],"about":[{"href":"https:\/\/www.interlagos.com.br\/blog\/wp-json\/wp\/v2\/types\/post"}],"author":[{"embeddable":true,"href":"https:\/\/www.interlagos.com.br\/blog\/wp-json\/wp\/v2\/users\/2"}],"replies":[{"embeddable":true,"href":"https:\/\/www.interlagos.com.br\/blog\/wp-json\/wp\/v2\/comments?post=3416"}],"version-history":[{"count":3,"href":"https:\/\/www.interlagos.com.br\/blog\/wp-json\/wp\/v2\/posts\/3416\/revisions"}],"predecessor-version":[{"id":3451,"href":"https:\/\/www.interlagos.com.br\/blog\/wp-json\/wp\/v2\/posts\/3416\/revisions\/3451"}],"wp:featuredmedia":[{"embeddable":true,"href":"https:\/\/www.interlagos.com.br\/blog\/wp-json\/wp\/v2\/media\/3449"}],"wp:attachment":[{"href":"https:\/\/www.interlagos.com.br\/blog\/wp-json\/wp\/v2\/media?parent=3416"}],"wp:term":[{"taxonomy":"category","embeddable":true,"href":"https:\/\/www.interlagos.com.br\/blog\/wp-json\/wp\/v2\/categories?post=3416"},{"taxonomy":"post_tag","embeddable":true,"href":"https:\/\/www.interlagos.com.br\/blog\/wp-json\/wp\/v2\/tags?post=3416"}],"curies":[{"name":"wp","href":"https:\/\/api.w.org\/{rel}","templated":true}]}}