{"id":2921,"date":"2022-11-10T12:45:00","date_gmt":"2022-11-10T15:45:00","guid":{"rendered":"https:\/\/www.interlagos.com.br\/blog\/?p=2921"},"modified":"2025-06-18T08:29:46","modified_gmt":"2025-06-18T11:29:46","slug":"chegada-do-papai-noel-e-espetaculo-parada-das-luzes-aqui-no-shopping-interlagos-vem-conferir","status":"publish","type":"post","link":"https:\/\/www.interlagos.com.br\/blog\/2022\/11\/chegada-do-papai-noel-e-espetaculo-parada-das-luzes-aqui-no-shopping-interlagos-vem-conferir\/","title":{"rendered":"Chegada do Papai Noel e espet\u00e1culo \u201cParada das Luzes\u201d aqui no Shopping Interlagos. Vem conferir!"},"content":{"rendered":"\n<p><em>Em 12 de novembro, a partir das 14h, a glamurosa atra\u00e7\u00e3o europeia, que conta com diversos personagens natalinos, marcar\u00e1 a chegada do bom velhinho ao Complexo Comercial<\/em><\/p>\n\n\n\n<p>A magia do Natal chegou aqui no Shopping Interlagos. E para manter a tradi\u00e7\u00e3o, preparamos uma surpresa especial para fazer a alegria de crian\u00e7as e adultos: o espet\u00e1culo \u201cParada das Luzes\u201d. Re\u00fana os amigos e a fam\u00edlia e venha curtir momentos especiais junto com a gente. Como voc\u00ea j\u00e1 sabe, tudo foi pensando com todo carinho para proporcionar os melhores registros e lembran\u00e7as inesquec\u00edveis para voc\u00eas! Vamos l\u00e1?! <\/p>\n\n\n\n<p>A\ntradicional \u201c<em>Parada das Luzes\u201d<\/em>, espet\u00e1culo europeu, grande sucesso\nmundial h\u00e1 20 anos, desembarca aqui no Shopping Interlagos no dia 12 de\nnovembro, a partir das 14:00, e marca a chegada do Papai Noel, o amado Bom\nVelhinho! Com um belo desfile de 12 personagens natalinos, a Parada de Luzes\ninclui duendes, fadas, unic\u00f3rnio, fauno, rei e rainha das fadas e borboletas,\nfiguras do mundo imagin\u00e1rio, que estar\u00e3o iluminadas por centenas de l\u00e2mpadas. <\/p>\n\n\n\n<p>Durante a\natra\u00e7\u00e3o, voc\u00ea, sua fam\u00edlia e amigos contar\u00e3o com performances com atores,\nginastas, bailarinos e artistas circenses, transportando a todos para um\nambiente m\u00e1gico e encantador. <\/p>\n\n\n\n<p>E mais uma boa not\u00edcia! Voc\u00ea poder\u00e1 trazer toda a fam\u00edlia para tirar uma linda foto com o Papai Noel at\u00e9 o dia 24 de dezembro nos seguintes hor\u00e1rios: de 13 de novembro a 23 de dezembro, das 10h \u00e0s 22h e, no dia 24, das 10h \u00e0s 18h. E oh, o trono do Bom Velhinho fica pr\u00f3ximo aos elevadores do shopping. <\/p>\n\n\n\n<p>Ent\u00e3o venha curtir a magia do Natal, confira esse lindo espet\u00e1culo e traga toda a fam\u00edlia para mais um final de ano surpreendente aqui no Shopping Interlagos! Esperamos por voc\u00eas! <\/p>\n\n\n\n<p><strong>Servi\u00e7o:<\/strong><br><strong>Shopping Interlagos \u2013 Parada das Luzes e Chegada do Papai Noel<\/strong>: <br>12 de novembro, \u00e0s 14h. <br><strong>Trono do Papai Noel:<\/strong> 12 de novembro, a partir das 14h, 13 de novembro a 23 de dezembro, das 10h \u00e0s 22h, no dia 24 de dezembro, das 10h \u00e0s 18h. <br><strong>Endere\u00e7o:<\/strong> Av. Interlagos, 2.255 \u2013 Interlagos \u2013 SP<\/p>\n","protected":false},"excerpt":{"rendered":"<p>Em 12 de novembro, a partir das 14h, a glamurosa atra\u00e7\u00e3o europeia, que conta com diversos personagens natalinos, marcar\u00e1 a chegada do bom velhinho ao Complexo Comercial A magia do Natal chegou aqui no Shopping Interlagos. E para manter a tradi\u00e7\u00e3o, preparamos uma surpresa especial para fazer a alegria de crian\u00e7as e adultos: o espet\u00e1culo \u201cParada das Luzes\u201d. Re\u00fana os amigos e a fam\u00edlia e venha curtir momentos especiais junto com a gente. Como voc\u00ea j\u00e1 sabe, tudo foi pensando com todo carinho para proporcionar os melhores registros e lembran\u00e7as inesquec\u00edveis para voc\u00eas! Vamos l\u00e1?! A tradicional \u201cParada das Luzes\u201d, espet\u00e1culo europeu, grande sucesso mundial h\u00e1 20 anos, desembarca aqui no Shopping Interlagos no dia 12 de novembro, a partir das 14:00, e marca a chegada do Papai Noel, o amado Bom Velhinho! Com um belo desfile de 12 personagens natalinos, a Parada de Luzes inclui duendes, fadas, unic\u00f3rnio, fauno, rei e rainha das fadas e borboletas, figuras do mundo imagin\u00e1rio, que estar\u00e3o iluminadas por centenas de l\u00e2mpadas. Durante a atra\u00e7\u00e3o, voc\u00ea, sua fam\u00edlia e amigos contar\u00e3o com performances com atores, ginastas, bailarinos e artistas circenses, transportando a todos para um ambiente m\u00e1gico e encantador. E mais uma boa not\u00edcia! Voc\u00ea poder\u00e1 trazer toda a fam\u00edlia para tirar uma linda foto com o Papai Noel at\u00e9 o dia 24 de dezembro nos seguintes hor\u00e1rios: de 13 de novembro a 23 de dezembro, das 10h \u00e0s 22h e, no dia 24, das 10h \u00e0s 18h. E oh, o trono do Bom Velhinho fica pr\u00f3ximo aos elevadores do shopping. Ent\u00e3o venha curtir a magia do Natal, confira esse lindo espet\u00e1culo e traga toda a fam\u00edlia para mais um final de ano surpreendente aqui no Shopping Interlagos! Esperamos por voc\u00eas! Servi\u00e7o:Shopping Interlagos \u2013 Parada das Luzes e Chegada do Papai Noel: 12 de novembro, \u00e0s 14h. Trono do Papai Noel: 12 de novembro, a partir das 14h, 13 de novembro a 23 de dezembro, das 10h \u00e0s 22h, no dia 24 de dezembro, das 10h \u00e0s 18h. Endere\u00e7o: Av. Interlagos, 2.255 \u2013 Interlagos \u2013 SP<\/p>\n","protected":false},"author":2,"featured_media":2981,"comment_status":"closed","ping_status":"closed","sticky":false,"template":"","format":"standard","meta":{"_monsterinsights_skip_tracking":false,"_monsterinsights_sitenote_active":false,"_monsterinsights_sitenote_note":"","_monsterinsights_sitenote_category":0,"footnotes":""},"categories":[45],"tags":[414,413,77,412,86],"class_list":["post-2921","post","type-post","status-publish","format-standard","has-post-thumbnail","hentry","category-fique-por-dentro","tag-atracao-gratuita","tag-chegada-do-papai-noel","tag-natal","tag-parada-das-luzes","tag-shopping-interlagos"],"_links":{"self":[{"href":"https:\/\/www.interlagos.com.br\/blog\/wp-json\/wp\/v2\/posts\/2921","targetHints":{"allow":["GET"]}}],"collection":[{"href":"https:\/\/www.interlagos.com.br\/blog\/wp-json\/wp\/v2\/posts"}],"about":[{"href":"https:\/\/www.interlagos.com.br\/blog\/wp-json\/wp\/v2\/types\/post"}],"author":[{"embeddable":true,"href":"https:\/\/www.interlagos.com.br\/blog\/wp-json\/wp\/v2\/users\/2"}],"replies":[{"embeddable":true,"href":"https:\/\/www.interlagos.com.br\/blog\/wp-json\/wp\/v2\/comments?post=2921"}],"version-history":[{"count":3,"href":"https:\/\/www.interlagos.com.br\/blog\/wp-json\/wp\/v2\/posts\/2921\/revisions"}],"predecessor-version":[{"id":2984,"href":"https:\/\/www.interlagos.com.br\/blog\/wp-json\/wp\/v2\/posts\/2921\/revisions\/2984"}],"wp:featuredmedia":[{"embeddable":true,"href":"https:\/\/www.interlagos.com.br\/blog\/wp-json\/wp\/v2\/media\/2981"}],"wp:attachment":[{"href":"https:\/\/www.interlagos.com.br\/blog\/wp-json\/wp\/v2\/media?parent=2921"}],"wp:term":[{"taxonomy":"category","embeddable":true,"href":"https:\/\/www.interlagos.com.br\/blog\/wp-json\/wp\/v2\/categories?post=2921"},{"taxonomy":"post_tag","embeddable":true,"href":"https:\/\/www.interlagos.com.br\/blog\/wp-json\/wp\/v2\/tags?post=2921"}],"curies":[{"name":"wp","href":"https:\/\/api.w.org\/{rel}","templated":true}]}}